{"id":110968,"date":"2019-10-18T14:13:37","date_gmt":"2019-10-18T12:13:37","guid":{"rendered":"https:\/\/zjarr.tv\/?p=110968"},"modified":"2019-10-18T14:15:01","modified_gmt":"2019-10-18T12:15:01","slug":"levizja-vetevendosje-qendra-ne-shqiperi-ka-reaguar-pas-takimit-te-rames-me-vucic-e-zaev-ku-edhe-eshte-firmousr-nje-marrveshja-qe-po-reklamohet-si-nje-mini-shengenit-ballkanik-ragai","status":"publish","type":"post","link":"https:\/\/zjarr.tv\/sq\/levizja-vetevendosje-qendra-ne-shqiperi-ka-reaguar-pas-takimit-te-rames-me-vucic-e-zaev-ku-edhe-eshte-firmousr-nje-marrveshja-qe-po-reklamohet-si-nje-mini-shengenit-ballkanik-ragai\/","title":{"rendered":"Akuzat e Ram\u00ebs p\u00ebr grupin &#8220;K\u00c7K&#8221;, Ibrahimi: Deklarata politike!"},"content":{"rendered":"<p>Kryetari i KLP, Gent Ibrahimi n\u00eb Komisionin e Ligjeve ka folur \u00a0p\u00ebr akuzat e kryeministrit Edi Rama p\u00ebr grup prokuror\u00eb e gjyqtar\u00eb q\u00eb ende nuk e kan\u00eb kaluar vettingun, t\u00eb cil\u00ebt kreu i qeveris\u00eb i ka quajtur K\u00c7K , (Kap \u00c7\u2019t\u00eb Kap\u00ebsh).<\/p>\n<p>Sipas Ibrahimit kjo \u00ebsht\u00eb nj\u00eb deklarat\u00eb politike e kryeministrit Rama.<\/p>\n<p><strong>Ibrahimi:<em>\u00a0<\/em><\/strong><em>Ky \u00ebsht\u00eb nj\u00eb konstatim q\u00eb vjen nga kryeministri n\u00eb sall\u00ebn e Kuvendit, si i till\u00eb si nj\u00eb konstatim i p\u00ebrgjithsh\u00ebm politik nuk mund t\u00eb ver\u00eb n\u00eb l\u00ebvizje nj\u00eb procedur\u00eb t\u00eb mir\u00ebfillt\u00eb disiplinore nga ana e k\u00ebshillit. N\u00eb rastet tipike t\u00eb ankesave ne i marrim ato i b\u00ebjm\u00eb nj\u00eb shqyrtim shum\u00eb t\u00eb p\u00ebrcipt\u00eb, sepse nuk mund t\u00eb biem n\u00eb pozitat e paragjykimit. K\u00ebto ankesa ne do ti shqyrtojm\u00eb si gjykat\u00eb. Ato vijn\u00eb gabimisht tek ne, por ne nuk i neglizhojm\u00eb. I b\u00ebjm\u00eb nj\u00eb shqyrtim t\u00eb p\u00ebrcipt\u00eb p\u00ebr t\u00eb kuptuar se ku duhet t\u00eb shkojn\u00eb dhe kush \u00ebsht\u00eb p\u00ebrgjegj\u00ebs p\u00ebr ti hetuar ato, pa u futur n\u00eb thelb sepse \u00a0pastaj do t\u00eb paragjykonim rolin ton\u00eb si gjykat\u00eb. Sepse nes\u00ebr ky do jet\u00eb roli yn\u00eb. Pasi ti hetoj\u00eb Inspektori i Lart\u00eb i Drejt\u00ebsis\u00eb, pasi atij ose asaj ti dal\u00eb q\u00eb &#8220;po&#8221; k\u00ebtu \u00ebsht\u00eb vendi p\u00ebr t\u00eb nisur nj\u00eb procedim disiplinor, at\u00ebher\u00eb futem n\u00eb loj\u00eb ne si gjykat\u00eb p\u00ebr t\u00eb vendosur mas\u00ebn disiplinore n\u00ebse \u00ebsht\u00eb vendi. N\u00eb raste t\u00eb tilla ne veprojm\u00eb n\u00eb m\u00ebnyr\u00eb t\u00eb p\u00ebrgjithshme si\u00e7 veproi kryeministri n\u00eb m\u00ebnyr\u00eb t\u00eb p\u00ebrgjithshme.<\/em><\/p>\n","protected":false},"excerpt":{"rendered":"<p>Kryetari i KLP, Gent Ibrahimi n\u00eb Komisionin e Ligjeve ka folur \u00a0p\u00ebr akuzat e kryeministrit Edi Rama p\u00ebr grup prokuror\u00eb e gjyqtar\u00eb q\u00eb ende nuk e kan\u00eb kaluar vettingun, t\u00eb cil\u00ebt kreu i qeveris\u00eb i ka quajtur K\u00c7K , (Kap \u00c7\u2019t\u00eb Kap\u00ebsh). Sipas Ibrahimit kjo \u00ebsht\u00eb nj\u00eb deklarat\u00eb politike e kryeministrit Rama. Ibrahimi:\u00a0Ky \u00ebsht\u00eb nj\u00eb [&hellip;]<\/p>\n","protected":false},"author":2013,"featured_media":110946,"comment_status":"open","ping_status":"closed","sticky":false,"template":"","format":"standard","meta":{"footnotes":""},"categories":[241,235],"tags":[],"class_list":{"0":"post-110968","1":"post","2":"type-post","3":"status-publish","4":"format-standard","5":"has-post-thumbnail","7":"category-aktualitet","8":"category-vendi"},"_links":{"self":[{"href":"https:\/\/zjarr.tv\/sq\/wp-json\/wp\/v2\/posts\/110968","targetHints":{"allow":["GET"]}}],"collection":[{"href":"https:\/\/zjarr.tv\/sq\/wp-json\/wp\/v2\/posts"}],"about":[{"href":"https:\/\/zjarr.tv\/sq\/wp-json\/wp\/v2\/types\/post"}],"author":[{"embeddable":true,"href":"https:\/\/zjarr.tv\/sq\/wp-json\/wp\/v2\/users\/2013"}],"replies":[{"embeddable":true,"href":"https:\/\/zjarr.tv\/sq\/wp-json\/wp\/v2\/comments?post=110968"}],"version-history":[{"count":0,"href":"https:\/\/zjarr.tv\/sq\/wp-json\/wp\/v2\/posts\/110968\/revisions"}],"wp:featuredmedia":[{"embeddable":true,"href":"https:\/\/zjarr.tv\/sq\/wp-json\/wp\/v2\/media\/110946"}],"wp:attachment":[{"href":"https:\/\/zjarr.tv\/sq\/wp-json\/wp\/v2\/media?parent=110968"}],"wp:term":[{"taxonomy":"category","embeddable":true,"href":"https:\/\/zjarr.tv\/sq\/wp-json\/wp\/v2\/categories?post=110968"},{"taxonomy":"post_tag","embeddable":true,"href":"https:\/\/zjarr.tv\/sq\/wp-json\/wp\/v2\/tags?post=110968"}],"curies":[{"name":"wp","href":"https:\/\/api.w.org\/{rel}","templated":true}]}}