{"id":110973,"date":"2019-10-18T14:16:54","date_gmt":"2019-10-18T12:16:54","guid":{"rendered":"https:\/\/zjarr.tv\/?p=110973"},"modified":"2019-10-18T14:16:54","modified_gmt":"2019-10-18T12:16:54","slug":"tritol-makines-ne-tirane-objektiv-i-atentatit-eshte-kunati-i-shume-te-kerkuarit-emri","status":"publish","type":"post","link":"https:\/\/zjarr.tv\/sq\/tritol-makines-ne-tirane-objektiv-i-atentatit-eshte-kunati-i-shume-te-kerkuarit-emri\/","title":{"rendered":"Tritol makin\u00ebs n\u00eb Tiran\u00eb, objektiv i atentatit esht\u00eb kunati i shum\u00eb t\u00eb k\u00ebrkuarit. Emri"},"content":{"rendered":"<p>Tirana u trondit m\u00ebngjesin e k\u00ebsaj t\u00eb premte\u00a0nga nj\u00eb shp\u00ebrthim tritoli\u00a0n\u00eb nj\u00eb automjet luksoz tip \u201cMercedes Benz\u201d. Shp\u00ebrthimi ka qen\u00eb i telekomanduar dhe p\u00ebr pak sa nuk i ka marr\u00eb jet\u00ebn pronarit t\u00eb makin\u00ebs, Artan Bylyku. N\u00eb automjetin e tij luksoz ishte vendosur nj\u00eb sasi e konsiderueshme eksplozivi e cila shp\u00ebrtheu n\u00eb koh\u00ebn kur Bylyku po hapte der\u00ebn e mjetit t\u00eb tij luksoz.<\/p>\n<p>Ngjarja ndodhi rreth or\u00ebs 7:30 minuta duke shkatuar edhe panik p\u00ebr banor\u00ebt e zon\u00ebs s\u00eb frigoriferit n\u00eb rrug\u00ebn \u201cRamazan Bogdani\u201d n\u00eb Tiran\u00eb. Bylyku rreth 50 vje\u00e7, fatmir\u00ebsisht nuk p\u00ebsoi d\u00ebmtime. Objektivi i atentatit \u00ebsht\u00eb person pa precedent\u00eb penal.<\/p>\n<p><img decoding=\"async\" src=\"https:\/\/www.syri.net\/uploads\/syri.net\/images\/2019\/October\/18\/auto_Artan-Bylyku1571400678.jpg\" alt=\"Image\" \/><\/p>\n<div id=\"rekl-13\">\n<div id=\"__sap-ad-15\" class=\"__sap-ads __sap-html tracked\" data-title=\"Credins desktop 08\"><ins><\/p>\n<div id=\"beacon_f9c0585b58\"><\/div>\n<p><\/ins><\/div>\n<\/div>\n<p>Ai \u00ebsht\u00eb kunat i Domart Konjarit, nj\u00eb em\u00ebr i njohur p\u00ebr policin\u00eb i cili i ka shp\u00ebtuar drejt\u00ebsis\u00eb shqiptare dhe asaj franceze. Konjari \u00ebsht\u00eb n\u00eb arrati nd\u00ebrsa akuzohet p\u00ebr nj\u00eb s\u00ebr\u00eb veprash penale n\u00eb Franc\u00eb si, \u201ctrafik nd\u00ebrkomb\u00ebtar droge\u201d dhe \u201ckrijimi i organizatave kriminale\u201d.<\/p>\n<p>Domart Konjari u arrestua n\u00eb n\u00ebntor t\u00eb vitit 2015, p\u00ebr llogari t\u00eb autoriteteve franceze por pes\u00eb muaj m\u00eb von\u00eb, Apeli i Krimeve t\u00eb R\u00ebnda zbuti mas\u00ebn e sigurimit ndaj Konjarit, nga \u201carrest me burg\u201d n\u00eb \u201cdetyrim paraqitjeje\u201d.<\/p>\n<p><img decoding=\"async\" src=\"https:\/\/www.syri.net\/uploads\/syri.net\/images\/2019\/October\/18\/auto_Domart-Konjari1571400680.jpg\" alt=\"Image\" \/><\/p>\n<p>Kjo b\u00ebri q\u00eb Konjari t\u00eb arratisej dhe t\u00eb jet\u00eb ende n\u00eb k\u00ebrkim.\u00a0N\u00eb dosjen q\u00eb Krimet e R\u00ebnda kan\u00eb marr\u00eb nga autoritetet franceze, renditen me detaje t\u00eb gjitha veprimtarit\u00eb e Konjarit n\u00eb Shqip\u00ebri, Franc\u00eb, Holand\u00eb, Belgjik\u00eb, Spanj\u00eb, Itali dhe Gjermani.\u00a0Hetuesit francez\u00eb thon\u00eb se kan\u00eb ndodhur edhe disa vrasje, ku n\u00eb dy raste, 42-vje\u00e7ari Konjari u ka shp\u00ebtuar atentateve me arm\u00eb.<\/p>\n<p>N\u00eb dosjen e tij, Konjari akuzohet si i p\u00ebrfshir\u00eb direkt ose indirekt n\u00eb disa atentativa dhe vrasje p\u00ebr trafikun e drog\u00ebs n\u00eb 20 vitet e fundit mes Shqip\u00ebris\u00eb dhe Franc\u00ebs. Rasti i fundit ishte vrasja e Devi Kasmit n\u00eb Tiran\u00eb, e cila dyshohej se ishte kryer me porosi t\u00eb Konjarit.<\/p>\n<p>Nuk \u00ebsht\u00eb \u00e7udi q\u00eb edhe tritoli q\u00eb shp\u00ebrtheu n\u00eb makin\u00ebn Bylykut t\u00eb ket\u00eb lidhje me figur\u00ebn e kunatit t\u00eb tij Konjari.<\/p>\n","protected":false},"excerpt":{"rendered":"<p>Tirana u trondit m\u00ebngjesin e k\u00ebsaj t\u00eb premte\u00a0nga nj\u00eb shp\u00ebrthim tritoli\u00a0n\u00eb nj\u00eb automjet luksoz tip \u201cMercedes Benz\u201d. Shp\u00ebrthimi ka qen\u00eb i telekomanduar dhe p\u00ebr pak sa nuk i ka marr\u00eb jet\u00ebn pronarit t\u00eb makin\u00ebs, Artan Bylyku. N\u00eb automjetin e tij luksoz ishte vendosur nj\u00eb sasi e konsiderueshme eksplozivi e cila shp\u00ebrtheu n\u00eb koh\u00ebn kur Bylyku [&hellip;]<\/p>\n","protected":false},"author":2013,"featured_media":110974,"comment_status":"open","ping_status":"closed","sticky":false,"template":"","format":"standard","meta":{"footnotes":""},"categories":[241,235],"tags":[],"class_list":{"0":"post-110973","1":"post","2":"type-post","3":"status-publish","4":"format-standard","5":"has-post-thumbnail","7":"category-aktualitet","8":"category-vendi"},"_links":{"self":[{"href":"https:\/\/zjarr.tv\/sq\/wp-json\/wp\/v2\/posts\/110973","targetHints":{"allow":["GET"]}}],"collection":[{"href":"https:\/\/zjarr.tv\/sq\/wp-json\/wp\/v2\/posts"}],"about":[{"href":"https:\/\/zjarr.tv\/sq\/wp-json\/wp\/v2\/types\/post"}],"author":[{"embeddable":true,"href":"https:\/\/zjarr.tv\/sq\/wp-json\/wp\/v2\/users\/2013"}],"replies":[{"embeddable":true,"href":"https:\/\/zjarr.tv\/sq\/wp-json\/wp\/v2\/comments?post=110973"}],"version-history":[{"count":0,"href":"https:\/\/zjarr.tv\/sq\/wp-json\/wp\/v2\/posts\/110973\/revisions"}],"wp:featuredmedia":[{"embeddable":true,"href":"https:\/\/zjarr.tv\/sq\/wp-json\/wp\/v2\/media\/110974"}],"wp:attachment":[{"href":"https:\/\/zjarr.tv\/sq\/wp-json\/wp\/v2\/media?parent=110973"}],"wp:term":[{"taxonomy":"category","embeddable":true,"href":"https:\/\/zjarr.tv\/sq\/wp-json\/wp\/v2\/categories?post=110973"},{"taxonomy":"post_tag","embeddable":true,"href":"https:\/\/zjarr.tv\/sq\/wp-json\/wp\/v2\/tags?post=110973"}],"curies":[{"name":"wp","href":"https:\/\/api.w.org\/{rel}","templated":true}]}}