{"id":110978,"date":"2019-10-18T14:20:24","date_gmt":"2019-10-18T12:20:24","guid":{"rendered":"https:\/\/zjarr.tv\/?p=110978"},"modified":"2019-10-18T14:20:24","modified_gmt":"2019-10-18T12:20:24","slug":"deshtimi-i-negociatave-dorehiqet-kryeministri-maqedonas-zoran-zaev","status":"publish","type":"post","link":"https:\/\/zjarr.tv\/sq\/deshtimi-i-negociatave-dorehiqet-kryeministri-maqedonas-zoran-zaev\/","title":{"rendered":"D\u00ebshtimi i negociatave, dor\u00ebhiqet Kryeministri maqedonas Zoran Zaev"},"content":{"rendered":"<p>Agjencia ANSA sapo ka njoftuar se kryeministri Zaev ka dh\u00ebn\u00eb dor\u00ebheqjen pas d\u00ebshtimit t\u00eb negociatave me BE-n\u00eb.<\/p>\n<p>\u201cKryeministri i Maqedonis\u00eb Veriore, Zoran Zaev, ka dh\u00ebn\u00eb dor\u00ebheqjen. Kjo \u00ebsht\u00eb ajo q\u00eb m\u00ebsohet nga burimet diplomatike evropiane n\u00eb mbyllje t\u00eb samitit t\u00eb BE-s\u00eb, ku shtetet an\u00ebtare nuk kan\u00eb arritur nj\u00eb marr\u00ebveshje p\u00ebr t\u00eb filluar negociatat e pranimit me Maqedonin\u00eb Veriore dhe Shqip\u00ebrin\u00eb\u201d, shkruan agjencia ANSA.<\/p>\n","protected":false},"excerpt":{"rendered":"<p>Agjencia ANSA sapo ka njoftuar se kryeministri Zaev ka dh\u00ebn\u00eb dor\u00ebheqjen pas d\u00ebshtimit t\u00eb negociatave me BE-n\u00eb. \u201cKryeministri i Maqedonis\u00eb Veriore, Zoran Zaev, ka dh\u00ebn\u00eb dor\u00ebheqjen. Kjo \u00ebsht\u00eb ajo q\u00eb m\u00ebsohet nga burimet diplomatike evropiane n\u00eb mbyllje t\u00eb samitit t\u00eb BE-s\u00eb, ku shtetet an\u00ebtare nuk kan\u00eb arritur nj\u00eb marr\u00ebveshje p\u00ebr t\u00eb filluar negociatat e pranimit [&hellip;]<\/p>\n","protected":false},"author":2013,"featured_media":53177,"comment_status":"open","ping_status":"closed","sticky":false,"template":"","format":"standard","meta":{"footnotes":""},"categories":[241,2],"tags":[],"class_list":{"0":"post-110978","1":"post","2":"type-post","3":"status-publish","4":"format-standard","5":"has-post-thumbnail","7":"category-aktualitet","8":"category-rajoni"},"_links":{"self":[{"href":"https:\/\/zjarr.tv\/sq\/wp-json\/wp\/v2\/posts\/110978","targetHints":{"allow":["GET"]}}],"collection":[{"href":"https:\/\/zjarr.tv\/sq\/wp-json\/wp\/v2\/posts"}],"about":[{"href":"https:\/\/zjarr.tv\/sq\/wp-json\/wp\/v2\/types\/post"}],"author":[{"embeddable":true,"href":"https:\/\/zjarr.tv\/sq\/wp-json\/wp\/v2\/users\/2013"}],"replies":[{"embeddable":true,"href":"https:\/\/zjarr.tv\/sq\/wp-json\/wp\/v2\/comments?post=110978"}],"version-history":[{"count":0,"href":"https:\/\/zjarr.tv\/sq\/wp-json\/wp\/v2\/posts\/110978\/revisions"}],"wp:featuredmedia":[{"embeddable":true,"href":"https:\/\/zjarr.tv\/sq\/wp-json\/wp\/v2\/media\/53177"}],"wp:attachment":[{"href":"https:\/\/zjarr.tv\/sq\/wp-json\/wp\/v2\/media?parent=110978"}],"wp:term":[{"taxonomy":"category","embeddable":true,"href":"https:\/\/zjarr.tv\/sq\/wp-json\/wp\/v2\/categories?post=110978"},{"taxonomy":"post_tag","embeddable":true,"href":"https:\/\/zjarr.tv\/sq\/wp-json\/wp\/v2\/tags?post=110978"}],"curies":[{"name":"wp","href":"https:\/\/api.w.org\/{rel}","templated":true}]}}