{"id":110985,"date":"2019-10-18T15:12:09","date_gmt":"2019-10-18T13:12:09","guid":{"rendered":"https:\/\/zjarr.tv\/?p=110985"},"modified":"2019-10-18T15:12:09","modified_gmt":"2019-10-18T13:12:09","slug":"apeli-i-tusk-ju-lutem-mos-u-dorezoni-nje-dite-do-te-beheni-anetare-me-te-drejta-te-plota","status":"publish","type":"post","link":"https:\/\/zjarr.tv\/sq\/apeli-i-tusk-ju-lutem-mos-u-dorezoni-nje-dite-do-te-beheni-anetare-me-te-drejta-te-plota\/","title":{"rendered":"Apeli i Tusk: Ju lutem mos u dor\u00ebzoni, nj\u00eb dit\u00eb do t\u00eb b\u00ebheni an\u00ebtare me t\u00eb drejta t\u00eb plota"},"content":{"rendered":"<p>Kreu i K\u00ebshillit Europian, Donald Tusk n\u00eb nj\u00eb deklarat\u00eb p\u00ebr mediat i ka b\u00ebr\u00eb thirrje Shqip\u00ebris\u00eb dhe Maqedonis\u00eb s\u00eb Veriut q\u00eb t\u00eb mos dor\u00ebzohen, pasi sipas tij e kan\u00eb b\u00ebr\u00eb pun\u00ebn e tyre.<\/p>\n<p>Ai shtoi se \u00ebsht\u00eb e sigurt q\u00eb nj\u00eb dit\u00eb dy shtetet do an\u00ebtar\u00ebsohen n\u00eb BE.<\/p>\n<p><strong>Donald Tusk:<\/strong>\u00a0<em>\u201cJu lutem mos u dor\u00ebzoni sepse ju e b\u00ebt\u00eb pun\u00ebn tuaj. \u00cbsht\u00eb e v\u00ebrtet\u00eb q\u00eb nga nj\u00ebher\u00eb k\u00ebrkohet shum\u00eb koh\u00eb p\u00ebr t\u00eb vendosur. \u00cbsht\u00eb e sigurt q\u00eb nj\u00eb dit\u00eb do t\u00eb b\u00ebheni an\u00ebtare me t\u00eb drejta t\u00eb plota.\u201d<\/em><\/p>\n<p>Nd\u00ebrsa presidenti i Komisionit Europian, Junker tha se \u00ebsht\u00eb i zhg\u00ebnjyer n\u00eb lidhje me rezultatet.<\/p>\n<p><strong>Jean-Claude Juncker<\/strong><strong>:\u00a0<\/strong><em>\u201cJam i zhg\u00ebnjyer n\u00eb lidhje me rezultatet. Popujt e dy vendeve jan\u00eb zhg\u00ebnjyer nga vendimi p\u00ebr moshapjen e negociatave.&#8221;<\/em><\/p>\n","protected":false},"excerpt":{"rendered":"<p>Kreu i K\u00ebshillit Europian, Donald Tusk n\u00eb nj\u00eb deklarat\u00eb p\u00ebr mediat i ka b\u00ebr\u00eb thirrje Shqip\u00ebris\u00eb dhe Maqedonis\u00eb s\u00eb Veriut q\u00eb t\u00eb mos dor\u00ebzohen, pasi sipas tij e kan\u00eb b\u00ebr\u00eb pun\u00ebn e tyre. Ai shtoi se \u00ebsht\u00eb e sigurt q\u00eb nj\u00eb dit\u00eb dy shtetet do an\u00ebtar\u00ebsohen n\u00eb BE. Donald Tusk:\u00a0\u201cJu lutem mos u dor\u00ebzoni sepse [&hellip;]<\/p>\n","protected":false},"author":2013,"featured_media":89567,"comment_status":"open","ping_status":"closed","sticky":false,"template":"","format":"standard","meta":{"footnotes":""},"categories":[241,235],"tags":[],"class_list":{"0":"post-110985","1":"post","2":"type-post","3":"status-publish","4":"format-standard","5":"has-post-thumbnail","7":"category-aktualitet","8":"category-vendi"},"_links":{"self":[{"href":"https:\/\/zjarr.tv\/sq\/wp-json\/wp\/v2\/posts\/110985","targetHints":{"allow":["GET"]}}],"collection":[{"href":"https:\/\/zjarr.tv\/sq\/wp-json\/wp\/v2\/posts"}],"about":[{"href":"https:\/\/zjarr.tv\/sq\/wp-json\/wp\/v2\/types\/post"}],"author":[{"embeddable":true,"href":"https:\/\/zjarr.tv\/sq\/wp-json\/wp\/v2\/users\/2013"}],"replies":[{"embeddable":true,"href":"https:\/\/zjarr.tv\/sq\/wp-json\/wp\/v2\/comments?post=110985"}],"version-history":[{"count":0,"href":"https:\/\/zjarr.tv\/sq\/wp-json\/wp\/v2\/posts\/110985\/revisions"}],"wp:featuredmedia":[{"embeddable":true,"href":"https:\/\/zjarr.tv\/sq\/wp-json\/wp\/v2\/media\/89567"}],"wp:attachment":[{"href":"https:\/\/zjarr.tv\/sq\/wp-json\/wp\/v2\/media?parent=110985"}],"wp:term":[{"taxonomy":"category","embeddable":true,"href":"https:\/\/zjarr.tv\/sq\/wp-json\/wp\/v2\/categories?post=110985"},{"taxonomy":"post_tag","embeddable":true,"href":"https:\/\/zjarr.tv\/sq\/wp-json\/wp\/v2\/tags?post=110985"}],"curies":[{"name":"wp","href":"https:\/\/api.w.org\/{rel}","templated":true}]}}