{"id":110990,"date":"2019-10-18T15:13:57","date_gmt":"2019-10-18T13:13:57","guid":{"rendered":"https:\/\/zjarr.tv\/?p=110990"},"modified":"2019-10-18T15:13:57","modified_gmt":"2019-10-18T13:13:57","slug":"ska-negociata-per-shqiperine-dhe-maqedonine-e-veriut-merkel-do-diskutojme-ne-2020","status":"publish","type":"post","link":"https:\/\/zjarr.tv\/sq\/ska-negociata-per-shqiperine-dhe-maqedonine-e-veriut-merkel-do-diskutojme-ne-2020\/","title":{"rendered":"S&#8217;ka negociata p\u00ebr Shqip\u00ebrin\u00eb dhe Maqedonin\u00eb e Veriut, Merkel: Do diskutojm\u00eb n\u00eb 2020"},"content":{"rendered":"<p>\u00c7\u00ebshtja e negociatave t\u00eb Shqip\u00ebris\u00eb dhe Maqedonis\u00eb s\u00eb Veriut do t\u00eb rikthehet n\u00eb pranver\u00ebn e vitit t\u00eb ardhsh\u00ebm.<\/p>\n<p>Kjo \u00ebsht\u00eb deklarata e kancelares gjermane, Angela Merkel n\u00eb p\u00ebrfundim t\u00eb diskutimeve p\u00ebr dy vendet e Ballkanit Per\u00ebndimor n\u00eb samitin e vendeve t\u00eb BE.<\/p>\n<p><em>&#8220;D\u00ebshp\u00ebruese q\u00eb negociatat mos hapen p\u00ebr t\u00eb dyja vendet. Kemi punuar n\u00eb favor t\u00eb hapjes s\u00eb negociatave, por tre vende Franca, Holanda dhe Danimarka jan\u00eb kund\u00ebr. Do t&#8217;i rikthehemi p\u00ebrs\u00ebri \u00e7\u00ebshtjes s\u00eb negociatave n\u00eb pranver\u00ebn e vitit t\u00eb ardhsh\u00ebm&#8221;,<\/em>\u00a0ka th\u00ebn\u00eb kancelarja Merkel.<\/p>\n<p>E pyetur se p\u00ebrse Gjermania nuk e mb\u00ebshteti nj\u00eb ndarje t\u00eb Shqip\u00ebris\u00eb me Maqedonin\u00eb e Veriut, Merkel tha se t\u00eb dyja vendet kan\u00eb b\u00ebr\u00eb p\u00ebrparime.<\/p>\n<p><em>&#8220;Duhet ti marrim si nj\u00eb t\u00eb t\u00ebr\u00eb kur vjen \u00e7\u00ebshtja tek zgjerimi. T\u00eb dy vendet kan\u00eb b\u00ebr\u00eb nj\u00eb p\u00ebrparim t\u00eb shk\u00eblqyer n\u00ebse do t\u00eb shikojm\u00eb p\u00ebrparimin n\u00eb nj\u00eb periudhe 10-vje\u00e7are. \u00a0Shqip\u00ebria p\u00ebrve\u00e7 reform\u00ebs n\u00eb drejt\u00ebsi ka nd\u00ebrmarr\u00eb edhe reforma t\u00eb tjer\u00eb. Nd\u00ebrsa Maqedonia e Veriut zgjidhi \u00e7\u00ebshtjen e emrit&#8221;,<\/em>\u00a0u shpreh Merkel.<\/p>\n","protected":false},"excerpt":{"rendered":"<p>\u00c7\u00ebshtja e negociatave t\u00eb Shqip\u00ebris\u00eb dhe Maqedonis\u00eb s\u00eb Veriut do t\u00eb rikthehet n\u00eb pranver\u00ebn e vitit t\u00eb ardhsh\u00ebm. Kjo \u00ebsht\u00eb deklarata e kancelares gjermane, Angela Merkel n\u00eb p\u00ebrfundim t\u00eb diskutimeve p\u00ebr dy vendet e Ballkanit Per\u00ebndimor n\u00eb samitin e vendeve t\u00eb BE. &#8220;D\u00ebshp\u00ebruese q\u00eb negociatat mos hapen p\u00ebr t\u00eb dyja vendet. Kemi punuar n\u00eb favor [&hellip;]<\/p>\n","protected":false},"author":2013,"featured_media":58913,"comment_status":"open","ping_status":"closed","sticky":false,"template":"","format":"standard","meta":{"footnotes":""},"categories":[241,235],"tags":[],"class_list":{"0":"post-110990","1":"post","2":"type-post","3":"status-publish","4":"format-standard","5":"has-post-thumbnail","7":"category-aktualitet","8":"category-vendi"},"_links":{"self":[{"href":"https:\/\/zjarr.tv\/sq\/wp-json\/wp\/v2\/posts\/110990","targetHints":{"allow":["GET"]}}],"collection":[{"href":"https:\/\/zjarr.tv\/sq\/wp-json\/wp\/v2\/posts"}],"about":[{"href":"https:\/\/zjarr.tv\/sq\/wp-json\/wp\/v2\/types\/post"}],"author":[{"embeddable":true,"href":"https:\/\/zjarr.tv\/sq\/wp-json\/wp\/v2\/users\/2013"}],"replies":[{"embeddable":true,"href":"https:\/\/zjarr.tv\/sq\/wp-json\/wp\/v2\/comments?post=110990"}],"version-history":[{"count":0,"href":"https:\/\/zjarr.tv\/sq\/wp-json\/wp\/v2\/posts\/110990\/revisions"}],"wp:featuredmedia":[{"embeddable":true,"href":"https:\/\/zjarr.tv\/sq\/wp-json\/wp\/v2\/media\/58913"}],"wp:attachment":[{"href":"https:\/\/zjarr.tv\/sq\/wp-json\/wp\/v2\/media?parent=110990"}],"wp:term":[{"taxonomy":"category","embeddable":true,"href":"https:\/\/zjarr.tv\/sq\/wp-json\/wp\/v2\/categories?post=110990"},{"taxonomy":"post_tag","embeddable":true,"href":"https:\/\/zjarr.tv\/sq\/wp-json\/wp\/v2\/tags?post=110990"}],"curies":[{"name":"wp","href":"https:\/\/api.w.org\/{rel}","templated":true}]}}