{"id":110995,"date":"2019-10-18T16:06:55","date_gmt":"2019-10-18T14:06:55","guid":{"rendered":"https:\/\/zjarr.tv\/?p=110995"},"modified":"2019-10-18T16:06:55","modified_gmt":"2019-10-18T14:06:55","slug":"kur-injoranca-shnderrohet-ne-korporate","status":"publish","type":"post","link":"https:\/\/zjarr.tv\/sq\/kur-injoranca-shnderrohet-ne-korporate\/","title":{"rendered":"Kur injoranca shnd\u00ebrrohet n\u00eb korporat\u00eb"},"content":{"rendered":"<p>Nga Mentor Kikia<\/p>\n<p>&nbsp;<\/p>\n<p>Ishte kaq unike, saq\u00eb mori v\u00ebmendje m\u00eb shum\u00eb se sa vet\u00eb kryelajmi i mos-hapjes s\u00eb negociatave. Esht\u00eb nj\u00eb nga ato rate tipike, kur nj\u00eb njeri ndodhet diku as p\u00ebr merit\u00eb dhe as p\u00ebr faj t\u00eb vet. T\u00eb tjer\u00eb duhet t\u00eb skuqen e nxihen p\u00ebr k\u00ebt\u00eb.<br \/>\nPor problemi nuk \u00ebsht\u00eb Majlinda, pasi ka Majlinda plot aty, pavar\u00ebsisht se nuk kan\u00eb dal\u00eb n\u00eb sken\u00eb, pasi nuk i lejojn\u00eb t\u00eb ngjiten n\u00eb foltore.<br \/>\nProblemi \u00ebsht\u00eb se injoranca e nj\u00eb gruaje dje vlejti m\u00eb shum\u00eb se nj<span class=\"text_exposed_show\">\u00eb korporat\u00eb. N\u00eb vend q\u00eb tem\u00eb e diskutimit publik t\u00eb ishte \u201ckorporata\u201d e famshme e qeveris\u00eb, q\u00eb do t\u00eb marr\u00eb prona shtet\u00ebrore p\u00ebr t&#8217;ia dhuruar privat\u00ebve, ne u mor\u00ebm me \u201ckrparat\u00ebn\u201d e Majlind\u00ebs.<br \/>\nSa m\u00eb shum\u00eb injoranc\u00eb t\u00eb ket\u00eb, aq m\u00eb thjesht\u00eb vidhet dhe sundohet. Esht\u00eb nj\u00eb ligj\u00ebsi e vjet\u00ebr kjo.<\/span><\/p>\n","protected":false},"excerpt":{"rendered":"<p>Nga Mentor Kikia &nbsp; Ishte kaq unike, saq\u00eb mori v\u00ebmendje m\u00eb shum\u00eb se sa vet\u00eb kryelajmi i mos-hapjes s\u00eb negociatave. Esht\u00eb nj\u00eb nga ato rate tipike, kur nj\u00eb njeri ndodhet diku as p\u00ebr merit\u00eb dhe as p\u00ebr faj t\u00eb vet. T\u00eb tjer\u00eb duhet t\u00eb skuqen e nxihen p\u00ebr k\u00ebt\u00eb. Por problemi nuk \u00ebsht\u00eb Majlinda, pasi [&hellip;]<\/p>\n","protected":false},"author":2013,"featured_media":95720,"comment_status":"open","ping_status":"closed","sticky":false,"template":"","format":"standard","meta":{"footnotes":""},"categories":[241,235],"tags":[],"class_list":{"0":"post-110995","1":"post","2":"type-post","3":"status-publish","4":"format-standard","5":"has-post-thumbnail","7":"category-aktualitet","8":"category-vendi"},"_links":{"self":[{"href":"https:\/\/zjarr.tv\/sq\/wp-json\/wp\/v2\/posts\/110995","targetHints":{"allow":["GET"]}}],"collection":[{"href":"https:\/\/zjarr.tv\/sq\/wp-json\/wp\/v2\/posts"}],"about":[{"href":"https:\/\/zjarr.tv\/sq\/wp-json\/wp\/v2\/types\/post"}],"author":[{"embeddable":true,"href":"https:\/\/zjarr.tv\/sq\/wp-json\/wp\/v2\/users\/2013"}],"replies":[{"embeddable":true,"href":"https:\/\/zjarr.tv\/sq\/wp-json\/wp\/v2\/comments?post=110995"}],"version-history":[{"count":0,"href":"https:\/\/zjarr.tv\/sq\/wp-json\/wp\/v2\/posts\/110995\/revisions"}],"wp:featuredmedia":[{"embeddable":true,"href":"https:\/\/zjarr.tv\/sq\/wp-json\/wp\/v2\/media\/95720"}],"wp:attachment":[{"href":"https:\/\/zjarr.tv\/sq\/wp-json\/wp\/v2\/media?parent=110995"}],"wp:term":[{"taxonomy":"category","embeddable":true,"href":"https:\/\/zjarr.tv\/sq\/wp-json\/wp\/v2\/categories?post=110995"},{"taxonomy":"post_tag","embeddable":true,"href":"https:\/\/zjarr.tv\/sq\/wp-json\/wp\/v2\/tags?post=110995"}],"curies":[{"name":"wp","href":"https:\/\/api.w.org\/{rel}","templated":true}]}}