{"id":111000,"date":"2019-10-18T16:09:53","date_gmt":"2019-10-18T14:09:53","guid":{"rendered":"https:\/\/zjarr.tv\/?p=111000"},"modified":"2019-10-18T16:09:53","modified_gmt":"2019-10-18T14:09:53","slug":"publikohet-vendimi-ja-kur-do-ti-rikthehet-brukseli-ceshtjes-se-zgjerimit","status":"publish","type":"post","link":"https:\/\/zjarr.tv\/sq\/publikohet-vendimi-ja-kur-do-ti-rikthehet-brukseli-ceshtjes-se-zgjerimit\/","title":{"rendered":"Publikohet vendimi\/ Ja kur do t&#8217;i rikthehet Brukseli \u00e7\u00ebshtjes s\u00eb zgjerimit"},"content":{"rendered":"<div class=\"readmore-text-here\">\n<p>\u00cbsht\u00eb publikuar vendimi i K\u00ebshillit Evropian sa i p\u00ebrket procesit t\u00eb hapjes s\u00eb\u00a0negociatave p\u00ebr Shqip\u00ebrin\u00eb dhe Maqedonin\u00eb e Veriut.<\/p>\n<p>N\u00eb dokumentin e publikuar nga Brukseli raportohet se, KE do t&#8217;i rikthehet \u00e7\u00ebshtjes s\u00eb zgjerimit p\u00ebrpara samitit BE-Ballkan Per\u00ebndimor, i cili do t\u00eb mbahet n\u00eb Zagreb n\u00eb majin e vitit 2020.<\/p>\n<p>Lider\u00ebt e Bashkimit Evropian kan\u00eb zhvilluar nj\u00eb debat t\u00eb gjat\u00eb deri n\u00eb or\u00ebt e para t\u00eb m\u00ebngjesit t\u00eb s\u00eb premtes, duke mos arritur n\u00eb nj\u00eb marr\u00ebveshje.<\/p>\n<div id=\"rekl-13\">\n<div id=\"__sap-ad-15\" class=\"__sap-ads __sap-html tracked\" data-title=\"Credins desktop 08\"><ins><\/p>\n<div id=\"beacon_f3845cfbec\"><\/div>\n<p><\/ins><\/div>\n<\/div>\n<p>Kjo p\u00ebr shkak t\u00eb vetos t\u00eb vendosur nga Franca.<\/p>\n<p>Presidenti i Franc\u00ebs, Emmanuel Macron thot\u00eb se p\u00ebrparimet e b\u00ebra nga Shqip\u00ebria dhe Maqedonia e Veriut nuk mjaftojn\u00eb p\u00ebr t\u00eb hapur negociatat.<\/p>\n<p>&#8220;Vendet e Ballkanit Per\u00ebndimor po nd\u00ebrmarrin shum\u00eb reforma. Dua t\u00eb p\u00ebrg\u00ebzoj sidomos Maqedonin\u00eb Veriore p\u00ebr arritjen e e nj\u00eb marr\u00ebveshje me Greqin\u00eb p\u00ebr \u00e7\u00ebshtjen e emrit. P\u00ebrparimet jan\u00eb b\u00ebr\u00eb, por ato nuk jan\u00eb t\u00eb mjaftueshme. Ka probleme t\u00eb jasht\u00ebzakonshme sidomos me \u00e7\u00ebshtjen e emigracionit t\u00eb paligjsh\u00ebm&#8221;, u shpreh Macron.<\/p>\n<p>Kancelarja e Gjermanis\u00eb, Angela Merkel gjithashtu u shpreh se \u00e7\u00ebshtja e negociatave do t\u00eb rikthehet n\u00eb pranver\u00ebn e vitit t\u00eb ardhsh\u00ebm.<\/p>\n<p>&#8220;D\u00ebshp\u00ebruese q\u00eb negociatat mos hapen p\u00ebr t\u00eb dyja vendet. Kemi punuar n\u00eb favor t\u00eb hapjes s\u00eb negociatave, por tre vende Franca, Holanda dhe Danimarka jan\u00eb kund\u00ebr. Do t&#8217;i rikthehemi p\u00ebrs\u00ebri \u00e7\u00ebshtjes s\u00eb negociatave n\u00eb pranver\u00ebn e vitit t\u00eb ardhsh\u00ebm&#8221;, tha Merkel.<\/p>\n<p>Nd\u00ebrkoh\u00eb kreu i K\u00ebshillit Europian, Donald Tusk n\u00eb nj\u00eb deklarat\u00eb p\u00ebr mediat i b\u00ebri thirrje Shqip\u00ebris\u00eb dhe Maqedonis\u00eb s\u00eb Veriut q\u00eb t\u00eb mos dor\u00ebzohen.<\/p>\n<p><img decoding=\"async\" src=\"https:\/\/www.syri.net\/uploads\/syri.net\/images\/2019\/October\/18\/auto_Screenshot_11571407427.jpg\" alt=\"Image\" \/><\/p>\n<\/div>\n<div id=\"rekl-33\"><\/div>\n<p>&nbsp;<\/p>\n","protected":false},"excerpt":{"rendered":"<p>\u00cbsht\u00eb publikuar vendimi i K\u00ebshillit Evropian sa i p\u00ebrket procesit t\u00eb hapjes s\u00eb\u00a0negociatave p\u00ebr Shqip\u00ebrin\u00eb dhe Maqedonin\u00eb e Veriut. N\u00eb dokumentin e publikuar nga Brukseli raportohet se, KE do t&#8217;i rikthehet \u00e7\u00ebshtjes s\u00eb zgjerimit p\u00ebrpara samitit BE-Ballkan Per\u00ebndimor, i cili do t\u00eb mbahet n\u00eb Zagreb n\u00eb majin e vitit 2020. Lider\u00ebt e Bashkimit Evropian kan\u00eb [&hellip;]<\/p>\n","protected":false},"author":2013,"featured_media":111001,"comment_status":"open","ping_status":"closed","sticky":false,"template":"","format":"standard","meta":{"footnotes":""},"categories":[241,235],"tags":[],"class_list":{"0":"post-111000","1":"post","2":"type-post","3":"status-publish","4":"format-standard","5":"has-post-thumbnail","7":"category-aktualitet","8":"category-vendi"},"_links":{"self":[{"href":"https:\/\/zjarr.tv\/sq\/wp-json\/wp\/v2\/posts\/111000","targetHints":{"allow":["GET"]}}],"collection":[{"href":"https:\/\/zjarr.tv\/sq\/wp-json\/wp\/v2\/posts"}],"about":[{"href":"https:\/\/zjarr.tv\/sq\/wp-json\/wp\/v2\/types\/post"}],"author":[{"embeddable":true,"href":"https:\/\/zjarr.tv\/sq\/wp-json\/wp\/v2\/users\/2013"}],"replies":[{"embeddable":true,"href":"https:\/\/zjarr.tv\/sq\/wp-json\/wp\/v2\/comments?post=111000"}],"version-history":[{"count":0,"href":"https:\/\/zjarr.tv\/sq\/wp-json\/wp\/v2\/posts\/111000\/revisions"}],"wp:featuredmedia":[{"embeddable":true,"href":"https:\/\/zjarr.tv\/sq\/wp-json\/wp\/v2\/media\/111001"}],"wp:attachment":[{"href":"https:\/\/zjarr.tv\/sq\/wp-json\/wp\/v2\/media?parent=111000"}],"wp:term":[{"taxonomy":"category","embeddable":true,"href":"https:\/\/zjarr.tv\/sq\/wp-json\/wp\/v2\/categories?post=111000"},{"taxonomy":"post_tag","embeddable":true,"href":"https:\/\/zjarr.tv\/sq\/wp-json\/wp\/v2\/tags?post=111000"}],"curies":[{"name":"wp","href":"https:\/\/api.w.org\/{rel}","templated":true}]}}