{"id":111006,"date":"2019-10-18T16:42:30","date_gmt":"2019-10-18T14:42:30","guid":{"rendered":"https:\/\/zjarr.tv\/?p=111006"},"modified":"2019-10-18T16:42:30","modified_gmt":"2019-10-18T14:42:30","slug":"studentet-e-arteve-ne-proteste-nuk-na-njihet-masteri-1-vjecar","status":"publish","type":"post","link":"https:\/\/zjarr.tv\/sq\/studentet-e-arteve-ne-proteste-nuk-na-njihet-masteri-1-vjecar\/","title":{"rendered":"Student\u00ebt e Arteve n\u00eb protest\u00eb: Nuk na njihet Masteri 1-vje\u00e7ar"},"content":{"rendered":"<p><em>N\u00eb prag t\u00eb nisjes s\u00eb ciklit t\u00eb dyt\u00eb t\u00eb studimeve n\u00eb Universitet, student\u00ebt e Universitetit t\u00eb Arteve k\u00ebrkojn\u00eb nga Ministria e Arsimit dhe drejtuesit e universiteteve ti njohin masterin 1 vje\u00e7ar p\u00ebr ushtrimin e profesionit t\u00eb M\u00ebsuesis\u00eb. Sipas student\u00ebve t\u00eb deg\u00ebs Pedagogji Muzikore n\u00ebse nuk do ju jepet nj\u00eb zgjidhje ata do vijojn\u00eb t\u00eb protestojn\u00eb.<\/em><\/p>\n<p>Pas nisjes s\u00eb vitit t\u00eb ri akademik n\u00eb universitetet e vendit me protesta nga student\u00ebt, edhe sezoni i ri m\u00ebsimor p\u00ebr student\u00ebt e Masterit pritet ti gjej\u00eb ata n\u00eb rrug\u00eb.<\/p>\n<p>Nj\u00eb grup student\u00ebsh t\u00eb deg\u00ebs Pedagogji Muzikore n\u00eb Universitetin e Arteve pretendojn\u00eb se Masteri 1 vje\u00e7ar profesional nuk iu njihet p\u00ebr ushtrimin e profesionit t\u00eb M\u00ebsuesis\u00eb, por duhet t\u00eb kryejn\u00eb dy vite m\u00ebsim.<\/p>\n<p><em>&#8220;Duam t\u00eb na njihet Masteri 1-vje\u00e7ar, i cili \u00ebsht\u00eb 60 kredite. Kemi folur me drejtorin juridik t\u00eb MAS dhe thot\u00eb me at\u00eb ligj q\u00eb e keni nisur me at\u00eb do ta mbaroni. Nuk kemi pse t\u00eb presim q\u00eb t\u00eb hyj\u00eb n\u00eb fuqi nj\u00eb Master me 120 kredite, zot\u00ebria thot\u00eb nuk keni pse ta b\u00ebni sepse ju mund t\u00eb njiheni me titullin m\u00ebsues dhe me Masterin 60 kredite.&#8221;<\/em><\/p>\n<p>Student\u00ebt paralajm\u00ebrojn\u00eb se n\u00ebse situata nuk zgjidhet para nisjes s\u00eb vitit t\u00eb ri akademik p\u00ebr deg\u00ebt e masterit, ata do vijojn\u00eb protestat.<\/p>\n<p><em>&#8220;K\u00ebrkojm\u00eb nj\u00eb zgjidhje t\u00eb menj\u00ebhershme nga autoritetet p\u00ebrkat\u00ebse, MAS, Rektorati apo Kryeministri, sepse ne do t\u00eb marrim masa t\u00eb tjera, qoft\u00eb protesta apo dhe ngujim, deri n\u00eb zgjidhje t\u00eb problemit.&#8221;<\/em><\/p>\n<p>Student\u00ebt k\u00ebrkojn\u00eb nga Ministria dhe Universitet q\u00eb Masteri 1-vje\u00e7ar t\u2019iu njihet, nd\u00ebrsa cikli i dyt\u00eb i studimeve nis n\u00eb dat\u00ebn 28 tetor.<\/p>\n","protected":false},"excerpt":{"rendered":"<p>N\u00eb prag t\u00eb nisjes s\u00eb ciklit t\u00eb dyt\u00eb t\u00eb studimeve n\u00eb Universitet, student\u00ebt e Universitetit t\u00eb Arteve k\u00ebrkojn\u00eb nga Ministria e Arsimit dhe drejtuesit e universiteteve ti njohin masterin 1 vje\u00e7ar p\u00ebr ushtrimin e profesionit t\u00eb M\u00ebsuesis\u00eb. Sipas student\u00ebve t\u00eb deg\u00ebs Pedagogji Muzikore n\u00ebse nuk do ju jepet nj\u00eb zgjidhje ata do vijojn\u00eb t\u00eb protestojn\u00eb. [&hellip;]<\/p>\n","protected":false},"author":2013,"featured_media":111007,"comment_status":"open","ping_status":"closed","sticky":false,"template":"","format":"standard","meta":{"footnotes":""},"categories":[241,235],"tags":[],"class_list":{"0":"post-111006","1":"post","2":"type-post","3":"status-publish","4":"format-standard","5":"has-post-thumbnail","7":"category-aktualitet","8":"category-vendi"},"_links":{"self":[{"href":"https:\/\/zjarr.tv\/sq\/wp-json\/wp\/v2\/posts\/111006","targetHints":{"allow":["GET"]}}],"collection":[{"href":"https:\/\/zjarr.tv\/sq\/wp-json\/wp\/v2\/posts"}],"about":[{"href":"https:\/\/zjarr.tv\/sq\/wp-json\/wp\/v2\/types\/post"}],"author":[{"embeddable":true,"href":"https:\/\/zjarr.tv\/sq\/wp-json\/wp\/v2\/users\/2013"}],"replies":[{"embeddable":true,"href":"https:\/\/zjarr.tv\/sq\/wp-json\/wp\/v2\/comments?post=111006"}],"version-history":[{"count":0,"href":"https:\/\/zjarr.tv\/sq\/wp-json\/wp\/v2\/posts\/111006\/revisions"}],"wp:featuredmedia":[{"embeddable":true,"href":"https:\/\/zjarr.tv\/sq\/wp-json\/wp\/v2\/media\/111007"}],"wp:attachment":[{"href":"https:\/\/zjarr.tv\/sq\/wp-json\/wp\/v2\/media?parent=111006"}],"wp:term":[{"taxonomy":"category","embeddable":true,"href":"https:\/\/zjarr.tv\/sq\/wp-json\/wp\/v2\/categories?post=111006"},{"taxonomy":"post_tag","embeddable":true,"href":"https:\/\/zjarr.tv\/sq\/wp-json\/wp\/v2\/tags?post=111006"}],"curies":[{"name":"wp","href":"https:\/\/api.w.org\/{rel}","templated":true}]}}