{"id":111010,"date":"2019-10-18T16:44:17","date_gmt":"2019-10-18T14:44:17","guid":{"rendered":"https:\/\/zjarr.tv\/?p=111010"},"modified":"2019-10-18T16:44:17","modified_gmt":"2019-10-18T14:44:17","slug":"edhe-spak-me-prokuror-te-perkohshem-manja-ultimatum-ibrahimit-te-ngrihet-brenda-2019-es","status":"publish","type":"post","link":"https:\/\/zjarr.tv\/sq\/edhe-spak-me-prokuror-te-perkohshem-manja-ultimatum-ibrahimit-te-ngrihet-brenda-2019-es\/","title":{"rendered":"Edhe SPAK me Prokuror t\u00eb P\u00ebrkohsh\u00ebm? Manja ultimatum Ibrahimit t\u00eb ngrihet brenda 2019-\u00ebs"},"content":{"rendered":"<p><em>Prokuroria e Posa\u00e7me Antikorrupsion mund t\u00eb ngrihet edhe duke komanduar dy Prokuror\u00eb t\u00eb P\u00ebrkohsh\u00ebm n\u00eb struktur\u00eb p\u00ebr t\u00eb plot\u00ebsuar numrin 10 q\u00eb e parashikon Kushtetuta. Zgjidhja i \u00ebsht\u00eb dh\u00ebn\u00eb kreut t\u00eb KLP-s\u00eb nga kreu i Komisionit t\u00eb Ligjeve, i cili i ka k\u00ebrkuar q\u00eb t\u00eb shfryt\u00ebzoj\u00eb \u00a0hap\u00ebsirat ligjore dhe ta ngreje k\u00ebt\u00eb strukture brenda k\u00ebtij viti. Por edhe ky propozim ka hasur n\u00eb debate n\u00eb KLP, t\u00eb cilat krijojn\u00eb ng\u00ebr\u00e7 n\u00eb momentin kur mungon dhe gjykata Kushtetuese.<\/em><\/p>\n<p>Procedurat e ngritjes s\u00eb SPAK dhe Prokuroris\u00eb s\u00eb Posa\u00e7me Antikorrupsion duhet t\u00eb p\u00ebrfundoj\u00eb \u00a0deri n\u00eb fund t\u00eb k\u00ebtij viti.<\/p>\n<p>Ultimatumi i ka ardhur kryetarit t\u00eb KLP-s\u00eb \u00a0nga kreu i Komisionit t\u00eb Ligjeve, Ulsi Manja, \u00a0i cili i ka sugjeruar q\u00eb t\u00eb shfryt\u00ebzoj\u00eb \u00a0hap\u00ebsirat ligjore, p\u00ebr t\u00eb plot\u00ebsuar numrin e 10 prokuror\u00ebve, si\u00e7 e ka p\u00ebrcaktuar Kushtetuta.<\/p>\n<p><em><strong>Manja:<\/strong>\u00a0Personalisht ndaj mendimin q\u00eb K\u00ebshilli i Lart\u00eb i Prokuroris\u00eb do t\u00eb duhet t\u00eb respektoj\u00eb n\u00eb frym\u00eb dhe n\u00eb g\u00ebrm\u00eb Kushtetut\u00ebn e vendit, nenin 148 dh, pika e dyt\u00eb e Kushtetut\u00ebs ku thot\u00eb se Prokuroria e Posa\u00e7me p\u00ebrb\u00ebhet nga t\u00eb pakt\u00ebn 10 prokuror\u00eb. Por kuadri ligjor e ka zgjidhur k\u00ebt\u00eb, mjafton q\u00eb ju ti referoheni ligjit t\u00eb statusit t\u00eb gjyqtar\u00ebve dhe prokuror\u00ebve n\u00eb Republik\u00ebn e Shqip\u00ebris\u00eb.<\/em><\/p>\n<p>Kjo deklarat\u00eb e Manj\u00ebs u b\u00eb pas sqarimeve q\u00eb b\u00ebri kreu i KLP-s\u00eb n\u00eb Komision, i cili tha se aktualisht t\u00eb dyja shkall\u00ebt e vler\u00ebsimit i kan\u00eb kaluar 8 prokuror\u00eb t\u00eb zgjedhur p\u00ebr SPAK, nd\u00ebrsa akuzoi organet e vettingut p\u00ebr vonesa n\u00eb verifikim.<\/p>\n<p><strong><em>Ibrahimi:\u00a0<\/em><\/strong><em>Shum\u00eb rrall\u00eb na ndodh q\u00eb t\u00eb kemi nj\u00eb k\u00ebrkes\u00eb urgjencve nga organet e vettingut, t\u00eb na thon\u00eb shiko se fakti q\u00eb ju po e vononi vler\u00ebsimin e komponentit profesional t\u00eb prokurorit X po b\u00ebhet penges\u00eb p\u00ebr pun\u00ebn ton\u00eb, e kund\u00ebrta \u00ebsht\u00eb e v\u00ebrtet\u00eb. Ne nuk po arrijm\u00eb t\u00eb ecim me ato detyrat tona kryesore p\u00ebr shkak t\u00eb prirjes s\u00eb procesit t\u00eb vettingut p\u00ebr t\u00eb qen\u00eb i zgjatur.<\/em><\/p>\n<p>Por propozimi p\u00ebr funksionimin e SPAK me 8 an\u00ebtar\u00eb ka sjell\u00eb debate dhe brenda KLP-s\u00eb.<\/p>\n<p><em>&#8220;K\u00ebshilli \u00ebsht\u00eb i ndar\u00eb, nj\u00eb pjes\u00eb e k\u00ebshilltar\u00ebve mendojn\u00eb a do t\u00eb shkelet numri 10 q\u00eb vendos Kushtetuta p\u00ebr fillimin e pun\u00ebs s\u00eb SPAK apo do ta krijojm\u00eb dhe me 8. Sot n\u00eb kushtet kur nuk \u00ebsht\u00eb krijuar Gjykata Kushtetuese nuk kemi nj\u00eb organ ku mund t\u00eb marrim mendim p\u00ebr k\u00ebt\u00eb problem.&#8221;<\/em><\/p>\n<p>Ibrahimi u pyet edhe p\u00ebr deklaratat e Kryeministrit p\u00ebr K\u00c7K-n\u00eb, t\u00eb cilat i ka konsideruar deklarata politike.<\/p>\n<p><strong><em>Ibrahimi:<\/em><\/strong><em><strong>\u00a0<\/strong><\/em><em>Ky \u00ebsht\u00eb nj\u00eb konstatim q\u00eb vjen nga kryeministri n\u00eb sall\u00ebn e Kuvendit, si i till\u00eb si nj\u00eb konstatim i p\u00ebrgjithsh\u00ebm politik nuk mund t\u00eb ver\u00eb n\u00eb l\u00ebvizje nj\u00eb procedur\u00eb t\u00eb mir\u00ebfillt\u00eb disiplinore nga ana e k\u00ebshillit.<\/em><\/p>\n<p>N\u00eb proces \u00ebsht\u00eb dhe zgjedhja e Kryeprokurorit t\u00eb vendit. Por p\u00ebr k\u00ebt\u00eb do t\u00eb duhet t\u00eb pritet vendimi i Gjykat\u00ebs Administrative p\u00ebr Lulzim Alushaj, i cili u skualifikua m\u00eb par\u00eb nga KLP.<\/p>\n","protected":false},"excerpt":{"rendered":"<p>Prokuroria e Posa\u00e7me Antikorrupsion mund t\u00eb ngrihet edhe duke komanduar dy Prokuror\u00eb t\u00eb P\u00ebrkohsh\u00ebm n\u00eb struktur\u00eb p\u00ebr t\u00eb plot\u00ebsuar numrin 10 q\u00eb e parashikon Kushtetuta. Zgjidhja i \u00ebsht\u00eb dh\u00ebn\u00eb kreut t\u00eb KLP-s\u00eb nga kreu i Komisionit t\u00eb Ligjeve, i cili i ka k\u00ebrkuar q\u00eb t\u00eb shfryt\u00ebzoj\u00eb \u00a0hap\u00ebsirat ligjore dhe ta ngreje k\u00ebt\u00eb strukture brenda k\u00ebtij [&hellip;]<\/p>\n","protected":false},"author":2013,"featured_media":111011,"comment_status":"open","ping_status":"closed","sticky":false,"template":"","format":"standard","meta":{"footnotes":""},"categories":[241,235],"tags":[],"class_list":{"0":"post-111010","1":"post","2":"type-post","3":"status-publish","4":"format-standard","5":"has-post-thumbnail","7":"category-aktualitet","8":"category-vendi"},"_links":{"self":[{"href":"https:\/\/zjarr.tv\/sq\/wp-json\/wp\/v2\/posts\/111010","targetHints":{"allow":["GET"]}}],"collection":[{"href":"https:\/\/zjarr.tv\/sq\/wp-json\/wp\/v2\/posts"}],"about":[{"href":"https:\/\/zjarr.tv\/sq\/wp-json\/wp\/v2\/types\/post"}],"author":[{"embeddable":true,"href":"https:\/\/zjarr.tv\/sq\/wp-json\/wp\/v2\/users\/2013"}],"replies":[{"embeddable":true,"href":"https:\/\/zjarr.tv\/sq\/wp-json\/wp\/v2\/comments?post=111010"}],"version-history":[{"count":0,"href":"https:\/\/zjarr.tv\/sq\/wp-json\/wp\/v2\/posts\/111010\/revisions"}],"wp:featuredmedia":[{"embeddable":true,"href":"https:\/\/zjarr.tv\/sq\/wp-json\/wp\/v2\/media\/111011"}],"wp:attachment":[{"href":"https:\/\/zjarr.tv\/sq\/wp-json\/wp\/v2\/media?parent=111010"}],"wp:term":[{"taxonomy":"category","embeddable":true,"href":"https:\/\/zjarr.tv\/sq\/wp-json\/wp\/v2\/categories?post=111010"},{"taxonomy":"post_tag","embeddable":true,"href":"https:\/\/zjarr.tv\/sq\/wp-json\/wp\/v2\/tags?post=111010"}],"curies":[{"name":"wp","href":"https:\/\/api.w.org\/{rel}","templated":true}]}}