{"id":111018,"date":"2019-10-18T17:30:30","date_gmt":"2019-10-18T15:30:30","guid":{"rendered":"https:\/\/zjarr.tv\/?p=111018"},"modified":"2019-10-18T17:30:30","modified_gmt":"2019-10-18T15:30:30","slug":"deshtimi-i-negociatave-me-be-opozita-thirrje-rames-jep-doreheqje","status":"publish","type":"post","link":"https:\/\/zjarr.tv\/sq\/deshtimi-i-negociatave-me-be-opozita-thirrje-rames-jep-doreheqje\/","title":{"rendered":"D\u00ebshtimi i negociatave me BE, opozita thirrje Ram\u00ebs: Jep dor\u00ebheqje!"},"content":{"rendered":"<p>N\u00eb nj\u00eb koh\u00eb kur opozita maqedonase ka k\u00ebrkuar dor\u00ebheqjen e kryeministrit Zoran Zaev pas d\u00ebshtimit t\u00eb negociatave me BE, ashtu sikur edhe p\u00ebr Shqip\u00ebrin\u00eb, t\u00eb nj\u00ebjt\u00ebn gj\u00eb kan\u00eb k\u00ebrkuar edhe opozitar\u00ebt shqiptar\u00eb.<\/p>\n<p>P\u00ebrmes nj\u00eb postimi n\u00eb \u2018Facebook\u2019 n\u00ebnkryetari i PD-s\u00eb Edi Paloka i ka b\u00ebr\u00eb thirrje publikisht Ram\u00ebs q\u00eb t\u00eb jap\u00eb dor\u00ebheqje.<\/p>\n<p>\u201cE vetmja gj\u00eb e pranueshme qe mund t\u2019ju thuash shqiptareve sot \u00ebsht\u00eb: \u201cJap dor\u00ebheqje\u201d<br \/>\n\u00c7do fjali apo fjalim tjet\u00ebr vet\u00ebm do te shtoje urrejtjen dhe p\u00ebrbuzjen e shqiptareve p\u00ebr ty.<br \/>\nHarroje qe me qurravitjet dhe gul\u00e7imat para kamerave do marresh keqardhjen apo ca me shume mir\u00ebkuptimin e shqiptareve. Ju ka dale boja me kohe dhe ketyre shfaqjeve sa here qe kapesh kaps\u2026<br \/>\nQ\u00ebrohu nj\u00eb ore e me pare e hapu rrug\u00ebn shqiptareve se boll te zeza ju ke bere.\u201d, shkruan Paloka.<\/p>\n","protected":false},"excerpt":{"rendered":"<p>N\u00eb nj\u00eb koh\u00eb kur opozita maqedonase ka k\u00ebrkuar dor\u00ebheqjen e kryeministrit Zoran Zaev pas d\u00ebshtimit t\u00eb negociatave me BE, ashtu sikur edhe p\u00ebr Shqip\u00ebrin\u00eb, t\u00eb nj\u00ebjt\u00ebn gj\u00eb kan\u00eb k\u00ebrkuar edhe opozitar\u00ebt shqiptar\u00eb. P\u00ebrmes nj\u00eb postimi n\u00eb \u2018Facebook\u2019 n\u00ebnkryetari i PD-s\u00eb Edi Paloka i ka b\u00ebr\u00eb thirrje publikisht Ram\u00ebs q\u00eb t\u00eb jap\u00eb dor\u00ebheqje. \u201cE vetmja gj\u00eb [&hellip;]<\/p>\n","protected":false},"author":2013,"featured_media":106924,"comment_status":"open","ping_status":"closed","sticky":false,"template":"","format":"standard","meta":{"footnotes":""},"categories":[241,235],"tags":[],"class_list":{"0":"post-111018","1":"post","2":"type-post","3":"status-publish","4":"format-standard","5":"has-post-thumbnail","7":"category-aktualitet","8":"category-vendi"},"_links":{"self":[{"href":"https:\/\/zjarr.tv\/sq\/wp-json\/wp\/v2\/posts\/111018","targetHints":{"allow":["GET"]}}],"collection":[{"href":"https:\/\/zjarr.tv\/sq\/wp-json\/wp\/v2\/posts"}],"about":[{"href":"https:\/\/zjarr.tv\/sq\/wp-json\/wp\/v2\/types\/post"}],"author":[{"embeddable":true,"href":"https:\/\/zjarr.tv\/sq\/wp-json\/wp\/v2\/users\/2013"}],"replies":[{"embeddable":true,"href":"https:\/\/zjarr.tv\/sq\/wp-json\/wp\/v2\/comments?post=111018"}],"version-history":[{"count":0,"href":"https:\/\/zjarr.tv\/sq\/wp-json\/wp\/v2\/posts\/111018\/revisions"}],"wp:featuredmedia":[{"embeddable":true,"href":"https:\/\/zjarr.tv\/sq\/wp-json\/wp\/v2\/media\/106924"}],"wp:attachment":[{"href":"https:\/\/zjarr.tv\/sq\/wp-json\/wp\/v2\/media?parent=111018"}],"wp:term":[{"taxonomy":"category","embeddable":true,"href":"https:\/\/zjarr.tv\/sq\/wp-json\/wp\/v2\/categories?post=111018"},{"taxonomy":"post_tag","embeddable":true,"href":"https:\/\/zjarr.tv\/sq\/wp-json\/wp\/v2\/tags?post=111018"}],"curies":[{"name":"wp","href":"https:\/\/api.w.org\/{rel}","templated":true}]}}