{"id":111033,"date":"2019-10-19T14:55:51","date_gmt":"2019-10-19T12:55:51","guid":{"rendered":"https:\/\/zjarr.tv\/?p=111033"},"modified":"2019-10-19T14:55:51","modified_gmt":"2019-10-19T12:55:51","slug":"myftiu-i-shkodres-thirrje-diplomacise-kthejini-femijet-nga-siria-nuk-kane-faj-per-gabimet-e-prinderve","status":"publish","type":"post","link":"https:\/\/zjarr.tv\/sq\/myftiu-i-shkodres-thirrje-diplomacise-kthejini-femijet-nga-siria-nuk-kane-faj-per-gabimet-e-prinderve\/","title":{"rendered":"Myftiu i Shkodr\u00ebs, thirrje diplomacis\u00eb: Kthejini f\u00ebmij\u00ebt nga Siria, nuk kan\u00eb faj p\u00ebr gabimet e prind\u00ebrve"},"content":{"rendered":"<div class=\"readmore-text-here\">\n<p>Myftiu i Shkodr\u00ebs, imam Muhamed Sytari i ka b\u00ebr\u00eb thirrje diplomacis\u00eb, t\u00eb luaj\u00eb nj\u00eb rol vendimtar p\u00ebr t\u00eb kthyer nga Siria familjet e shqiptar\u00ebve t\u00eb g\u00ebnjyer nga propaganda false, nga ai \u201czullum i madh\u201d si\u00e7 e ka konsideruar.<\/p>\n<p>Sytari ka reaguar me forc\u00eb pas rastit aq prek\u00ebs t\u00eb vog\u00eblushit Alvin Berisha, 10 vje\u00e7, mbetur jetim n\u00eb kampet e Siris\u00eb ku mbahen familjet e xhihadist\u00ebve.<\/p>\n<p>\u201cFamiljet e shqiptar\u00ebve t\u00eb g\u00ebnjyer apo t\u00eb mashtruar nga propaganda false e atyre dit\u00ebve, t\u00eb kthehen nj\u00eb or\u00eb e m\u00eb par\u00eb n\u00eb vendin e tyre, sepse nuk kan\u00eb faj f\u00ebmij\u00ebt e tyre p\u00ebr gabimet e prind\u00ebrve.<\/p>\n<p>Normalisht, diplomacia, me t\u00eb gjitha format, duhet t\u00eb interesohet dhe t\u00eb luaj\u00eb nj\u00eb rol vendimtar qoft\u00eb edhe p\u00ebr kthimin e nj\u00eb f\u00ebmije dhe \u00e7do f\u00ebmije, por edhe \u00e7do shqiptar \u00ebsht\u00eb i shenjt\u00eb p\u00ebr tok\u00ebn ton\u00eb dhe ne si komunitet fetar i q\u00ebndrojm\u00eb thirrjeve tona dhe nuk t\u00ebrhiqemi as nuk e ndryshojm\u00eb thirrjen ton\u00eb p\u00ebr asnj\u00eb arsye, sepse \u00ebsht\u00eb nj\u00eb thirrje e drejt\u00eb.<\/p>\n<p>Ajo q\u00eb ka ndodhur n\u00eb Siri gjat\u00eb k\u00ebtyre viteve \u00ebsht\u00eb nj\u00eb zullum i madh, t\u00eb cilin nuk e kemi d\u00ebshiruar dhe nuk e pranojm\u00eb dhe nuk e pranon asnj\u00eb mendje e sh\u00ebndosh\u00eb,\u201d n\u00ebnvizon Sytari.<\/p>\n<p><iframe loading=\"lazy\" src=\"https:\/\/video.syri.net\/embed\/1jZvieRqB9QkJWi\" width=\"700\" height=\"400\" frameborder=\"0\" allowfullscreen=\"allowfullscreen\" data-mce-fragment=\"1\"><\/iframe><\/p>\n<\/div>\n<div id=\"rekl-33\"><\/div>\n","protected":false},"excerpt":{"rendered":"<p>Myftiu i Shkodr\u00ebs, imam Muhamed Sytari i ka b\u00ebr\u00eb thirrje diplomacis\u00eb, t\u00eb luaj\u00eb nj\u00eb rol vendimtar p\u00ebr t\u00eb kthyer nga Siria familjet e shqiptar\u00ebve t\u00eb g\u00ebnjyer nga propaganda false, nga ai \u201czullum i madh\u201d si\u00e7 e ka konsideruar. Sytari ka reaguar me forc\u00eb pas rastit aq prek\u00ebs t\u00eb vog\u00eblushit Alvin Berisha, 10 vje\u00e7, mbetur jetim [&hellip;]<\/p>\n","protected":false},"author":2013,"featured_media":111034,"comment_status":"open","ping_status":"closed","sticky":false,"template":"","format":"standard","meta":{"footnotes":""},"categories":[241,235],"tags":[],"class_list":{"0":"post-111033","1":"post","2":"type-post","3":"status-publish","4":"format-standard","5":"has-post-thumbnail","7":"category-aktualitet","8":"category-vendi"},"_links":{"self":[{"href":"https:\/\/zjarr.tv\/sq\/wp-json\/wp\/v2\/posts\/111033","targetHints":{"allow":["GET"]}}],"collection":[{"href":"https:\/\/zjarr.tv\/sq\/wp-json\/wp\/v2\/posts"}],"about":[{"href":"https:\/\/zjarr.tv\/sq\/wp-json\/wp\/v2\/types\/post"}],"author":[{"embeddable":true,"href":"https:\/\/zjarr.tv\/sq\/wp-json\/wp\/v2\/users\/2013"}],"replies":[{"embeddable":true,"href":"https:\/\/zjarr.tv\/sq\/wp-json\/wp\/v2\/comments?post=111033"}],"version-history":[{"count":0,"href":"https:\/\/zjarr.tv\/sq\/wp-json\/wp\/v2\/posts\/111033\/revisions"}],"wp:featuredmedia":[{"embeddable":true,"href":"https:\/\/zjarr.tv\/sq\/wp-json\/wp\/v2\/media\/111034"}],"wp:attachment":[{"href":"https:\/\/zjarr.tv\/sq\/wp-json\/wp\/v2\/media?parent=111033"}],"wp:term":[{"taxonomy":"category","embeddable":true,"href":"https:\/\/zjarr.tv\/sq\/wp-json\/wp\/v2\/categories?post=111033"},{"taxonomy":"post_tag","embeddable":true,"href":"https:\/\/zjarr.tv\/sq\/wp-json\/wp\/v2\/tags?post=111033"}],"curies":[{"name":"wp","href":"https:\/\/api.w.org\/{rel}","templated":true}]}}