{"id":111039,"date":"2019-10-19T15:02:51","date_gmt":"2019-10-19T13:02:51","guid":{"rendered":"https:\/\/zjarr.tv\/?p=111039"},"modified":"2019-10-19T15:02:51","modified_gmt":"2019-10-19T13:02:51","slug":"skishim-kohe-ti-lexonim-veprat-e-peter-handke-se-po-kerkonim-familjet-tona-ne-va-rret-masive","status":"publish","type":"post","link":"https:\/\/zjarr.tv\/sq\/skishim-kohe-ti-lexonim-veprat-e-peter-handke-se-po-kerkonim-familjet-tona-ne-va-rret-masive\/","title":{"rendered":"&#8216;S&#8217;kishim koh\u00eb t&#8217;i lexonim veprat e Peter Handke, se po k\u00ebrkonim familjet tona n\u00eb va.rret masive&#8217;"},"content":{"rendered":"<p>Kreu i Akademis\u00eb s\u00eb Shkencave dhe Arteve t\u00eb Kosov\u00ebs, Mehmet Kraja, n\u00eb nj\u00eb shkrim autorial t\u00eb botuar n\u00eb Washington Post, ka shtruar dilem\u00ebn pse Nobeli iu dha nj\u00eb njeriu q\u00eb lart\u00ebsoi nj\u00eb kriminel lufte.<\/p>\n<p>Kraja e nis artikullin e tij me p\u00ebrgjigjen q\u00eb nj\u00eb qytetar bashnjak i kishte b\u00ebr\u00eb pyetjes s\u00eb shtruar n\u00eb Twitter nga Komiteti i Nobelit, e q\u00eb i ishte drejtuar ndjek\u00ebsve \u201cn\u00ebse ata kishin lexuar veprat e shkrimtarit austriak Peter Handke\u201d.<\/p>\n<p>\u201cJo, ne ishim t\u00eb z\u00ebn\u00eb duke k\u00ebrkuar p\u00ebr familjet dhe miqt\u00eb tan\u00eb t\u00eb varrosur n\u00eb varre masive t\u00eb cilat ai mohoi se ekzistonin\u201d, ishte p\u00ebrgjigja e Emir Suljagicit, citon Kraja.<\/p>\n<p>\u201c\u00cbsht\u00eb ndjenj\u00eb q\u00eb u p\u00ebrcoll gjer\u00ebsisht n\u00eb Ballkanin Per\u00ebndimor, nj\u00eb rajon q\u00eb ende po rim\u00ebk\u00ebmbet nga nj\u00eb dekad\u00eb luft\u00ebrash. Ende nuk kemi nj\u00eb pasqyr\u00eb t\u00eb qart\u00eb t\u00eb t\u00eb gjitha viktimave t\u00eb Slobodan Miloseviqit, diktatorit t\u00eb ndjer\u00eb serb, politikat e t\u00eb cilit Handke i inkurajoi dhe i miratoi publikisht\u201d, ka shkruar Kraja, duke shtuar se \u201cn\u00eb pjes\u00ebn ton\u00eb t\u00eb bot\u00ebs, rreth 150,000 njer\u00ebz, kryesisht civil\u00eb shqiptar\u00eb dhe boshnjak\u00eb, u vran\u00eb n\u00eb nj\u00eb luft\u00eb t\u00eb pakuptimt\u00eb q\u00eb riktheu kujtime p\u00ebr Holokaustin dhe Mesjet\u00ebn p\u00ebrs\u00ebri n\u00eb Evrop\u00eb\u201d.<\/p>\n<p>Kryeakademiku Kraja, shton gjithashtu se sot akoma ka familje q\u00eb ende mbajn\u00eb nj\u00eb cop\u00eb leck\u00eb, nj\u00eb or\u00eb dore me balt\u00eb ose nj\u00eb fotografi t\u00eb paqart\u00eb n\u00eb k\u00ebrkim t\u00eb t\u00eb dashurve t\u00eb tyre.<\/p>\n<p>\u201cDy dekada pas luft\u00ebs, ka n\u00ebna dhe baballar\u00eb, gra, motra, djem dhe vajza q\u00eb kalojn\u00eb \u00e7do nat\u00eb duke shpresuar n\u00eb nj\u00eb trokitje n\u00eb der\u00eb q\u00eb do t\u2019u sjell\u00eb atyre lajme p\u00ebr burrin e tyre t\u00eb zhdukur ose djalin e tyre t\u00eb rr\u00ebmbyer. Or\u00eb t\u00eb panum\u00ebrta jan\u00eb kaluar ende nga shum\u00eb familje n\u00eb korridoret e klinikave mjekoligjore, duke pritur nj\u00eb rezultat ADN-je n\u00eb m\u00ebnyr\u00eb q\u00eb t\u00eb pakt\u00ebn t\u00eb ken\u00eb nj\u00eb varr t\u00eb v\u00ebrtet\u00eb p\u00ebr t\u00eb vajtuar\u201d, ka shkruar Kraja.<\/p>\n<p>Kraja flet edhe p\u00ebr at\u00eb se ka gjenerata t\u00eb t\u00ebra q\u00eb kurr\u00eb nuk qen\u00eb n\u00eb gjendje t\u00eb shfryt\u00ebzojn\u00eb potencialin e tyre t\u00eb plot\u00eb, sepse ishin d\u00ebbuar nga pun\u00ebt e tyre dhe u d\u00ebbuan nga sht\u00ebpit\u00eb e tyre n\u00eb nj\u00eb fushat\u00eb t\u00eb spastrimit etnik t\u00eb udh\u00ebhequr nga Millosheviqi.<\/p>\n<p>\u201cDrejt\u00ebsia nuk u \u00ebsht\u00eb dh\u00ebn\u00eb kurr\u00eb, sepse nuk ka drejt\u00ebsi q\u00eb mund t\u00eb korrigjoj\u00eb nj\u00eb humbje t\u00eb till\u00eb. Por p\u00ebr Handke, asnj\u00eb nga k\u00ebto nuk kishte r\u00ebnd\u00ebsi\u201d, ka shkruar Kraja.<\/p>\n<p>\u201cUn\u00eb nuk e di t\u00eb v\u00ebrtet\u00ebn. Por un\u00eb shoh. Un\u00eb e d\u00ebgjoj. E ndiej. E mbaj mend. Kjo \u00ebsht\u00eb arsyeja pse un\u00eb jam k\u00ebtu sot, af\u00ebr Jugosllavis\u00eb, af\u00ebr Serbis\u00eb, af\u00ebr Slobodan Millosheviqit\u201d, citon Kraja t\u00eb ket\u00eb th\u00ebn\u00eb Handke n\u00eb funeralin Millosheviqit.<\/p>\n<p>\u201cE b\u00ebri k\u00ebt\u00eb pasi fillimisht shprehu kund\u00ebrshtimin e tij p\u00ebr fushat\u00ebn ajrore t\u00eb NATO-s ndaj forcave serbe q\u00eb synonin t\u00eb ndalonin luft\u00ebn brutale n\u00eb Kosov\u00eb. N\u00eb nj\u00eb intervist\u00eb, Handke pretendoi se aleanca nuk po parandalonte nj\u00eb Aushvic t\u00eb ri, por p\u00ebrkundrazi krijonte nj\u00eb t\u00eb till\u00eb\u201d, shkruan Kraja.<\/p>\n<p>\u201cKjo \u00ebsht\u00eb arsyeja pse ne, viktimat e agresionit mizor nacionalist, e gjejm\u00eb veten t\u00eb shtangur nga vendimi i juris\u00eb s\u00eb \u00c7mimit Nobel, nj\u00eb institucion shum\u00eb i respektuar, p\u00ebr t\u00eb cilin ne do t\u00eb prisnim t\u2019i mb\u00ebshteste dhe mbronte shum\u00eb ideale q\u00eb e detyruan bot\u00ebn per\u00ebndimore t\u00eb ngrihej kund\u00ebr t\u00eb k\u00ebqijave t\u00eb luft\u00ebs, p\u00ebr t\u2019i dh\u00ebn\u00eb \u00e7mimin e merituar atij q\u00eb ka ideuar vdekjen dhe shkat\u00ebrrimin\u201d, ka shkruar Kraja.<\/p>\n<p>P\u00ebr Kraj\u00ebn, kjo protest\u00eb nuk ka t\u00eb b\u00ebj\u00eb me Ballkanin per\u00ebndimor dhe p\u00ebrvojat e brezave q\u00eb kan\u00eb jetuar n\u00ebp\u00ebr ferr p\u00ebr shkak t\u00eb Millosheviqit dhe mb\u00ebshtet\u00ebsve t\u00eb tij.<\/p>\n<p>\u201cNuk \u00ebsht\u00eb fjala p\u00ebr t\u00eb sulmuar lirin\u00eb e fjal\u00ebs ose lirin\u00eb e bashkimit, p\u00ebr t\u00eb cil\u00ebn ne gjithashtu kemi luftuar gjat\u00eb dhe \u00ebsht\u00eb v\u00ebshtir\u00eb p\u00ebr t\u2019u shijuar. Kjo protest\u00eb nuk ka t\u00eb b\u00ebj\u00eb me nj\u00eb njeri q\u00eb thjesht kishte mendime politike, bindje ideologjike apo kujdeset p\u00ebr at\u00eb q\u00eb \u00ebsht\u00eb moralisht e drejt\u00eb.<\/p>\n<p>\u201c\u00cbsht\u00eb protest\u00eb kund\u00ebr shp\u00ebrblimit t\u00eb nj\u00eb shkrimtari q\u00eb amplifikoi mb\u00ebshtetjen p\u00ebr nj\u00eb kriminel lufte dhe miratoi planin e tij t\u00eb paramenduar p\u00ebr shfarosjen etnike dhe at\u00eb politike\u201d, ka shkruar Kraja.<\/p>\n<p>Implikimet e k\u00ebtij vendimi, sipas Kraj\u00ebs, sjellin t\u00eb keqe p\u00ebr t\u00eb gjith\u00eb njer\u00ebzimin, sepse kjo inkurajon udh\u00ebheq\u00ebs dhe shkrimtar\u00eb t\u00eb tjer\u00eb n\u00eb motive dhe prirje kaq t\u00eb egra.<\/p>\n<p>\u201cHandke nuk ishte n\u00eb an\u00ebn e duhur t\u00eb historis\u00eb n\u00eb Kosov\u00eb ose n\u00eb Ballkan; ai nuk ishte n\u00eb an\u00ebn e idealeve fisnike; n\u00eb vend t\u00eb k\u00ebsaj, ai gjeti streh\u00eb n\u00eb an\u00ebn e err\u00ebt t\u00eb ngjarjeve tragjike n\u00eb Ballkan\u201d, shkruan Kraja.<\/p>\n<p>Vullneti i Alfred Nobelit sakt\u00ebson se \u00e7mimi duhet t\u00eb shkoj\u00eb p\u00ebr autor\u00ebt q\u00eb kan\u00eb \u201cprodhuar n\u00eb fush\u00ebn e let\u00ebrsis\u00eb vepr\u00ebn m\u00eb t\u00eb shquar n\u00eb nj\u00eb drejtim ideal\u201d. Ishte e v\u00ebshtir\u00eb t\u00eb shihet se si vendimi i Komitetit t\u00eb Nobelit p\u00ebr t\u2019i dh\u00ebn\u00eb \u00e7mimin Handkes shkon konform k\u00ebtij vullneti n\u00eb ndonj\u00eb m\u00ebnyr\u00eb.<\/p>\n<p>\u201cNobeli, p\u00ebrmes trash\u00ebgimis\u00eb s\u00eb tij, i fshiu t\u00eb gjitha kritikat, por ai ishte nj\u00eb Tregtar i Vdekjes p\u00ebr shkak t\u00eb shpikjes s\u00eb tij t\u00eb dinamitit. Sidoqoft\u00eb, Komiteti Nobel p\u00ebr fat t\u00eb keq \u2013 dhe n\u00eb m\u00ebnyr\u00eb t\u00eb pashlyeshme \u2013 i \u00ebsht\u00eb bashkangjitur Peter Handkes, nj\u00eb lart\u00ebsues i Slobodan Miloseviqit, Kasapit t\u00eb Ballkanit\u201d, p\u00ebrfundon Kraja shkrimin e tij.<\/p>\n","protected":false},"excerpt":{"rendered":"<p>Kreu i Akademis\u00eb s\u00eb Shkencave dhe Arteve t\u00eb Kosov\u00ebs, Mehmet Kraja, n\u00eb nj\u00eb shkrim autorial t\u00eb botuar n\u00eb Washington Post, ka shtruar dilem\u00ebn pse Nobeli iu dha nj\u00eb njeriu q\u00eb lart\u00ebsoi nj\u00eb kriminel lufte. Kraja e nis artikullin e tij me p\u00ebrgjigjen q\u00eb nj\u00eb qytetar bashnjak i kishte b\u00ebr\u00eb pyetjes s\u00eb shtruar n\u00eb Twitter nga [&hellip;]<\/p>\n","protected":false},"author":2013,"featured_media":111040,"comment_status":"open","ping_status":"closed","sticky":false,"template":"","format":"standard","meta":{"footnotes":""},"categories":[241,235],"tags":[],"class_list":{"0":"post-111039","1":"post","2":"type-post","3":"status-publish","4":"format-standard","5":"has-post-thumbnail","7":"category-aktualitet","8":"category-vendi"},"_links":{"self":[{"href":"https:\/\/zjarr.tv\/sq\/wp-json\/wp\/v2\/posts\/111039","targetHints":{"allow":["GET"]}}],"collection":[{"href":"https:\/\/zjarr.tv\/sq\/wp-json\/wp\/v2\/posts"}],"about":[{"href":"https:\/\/zjarr.tv\/sq\/wp-json\/wp\/v2\/types\/post"}],"author":[{"embeddable":true,"href":"https:\/\/zjarr.tv\/sq\/wp-json\/wp\/v2\/users\/2013"}],"replies":[{"embeddable":true,"href":"https:\/\/zjarr.tv\/sq\/wp-json\/wp\/v2\/comments?post=111039"}],"version-history":[{"count":0,"href":"https:\/\/zjarr.tv\/sq\/wp-json\/wp\/v2\/posts\/111039\/revisions"}],"wp:featuredmedia":[{"embeddable":true,"href":"https:\/\/zjarr.tv\/sq\/wp-json\/wp\/v2\/media\/111040"}],"wp:attachment":[{"href":"https:\/\/zjarr.tv\/sq\/wp-json\/wp\/v2\/media?parent=111039"}],"wp:term":[{"taxonomy":"category","embeddable":true,"href":"https:\/\/zjarr.tv\/sq\/wp-json\/wp\/v2\/categories?post=111039"},{"taxonomy":"post_tag","embeddable":true,"href":"https:\/\/zjarr.tv\/sq\/wp-json\/wp\/v2\/tags?post=111039"}],"curies":[{"name":"wp","href":"https:\/\/api.w.org\/{rel}","templated":true}]}}