{"id":111048,"date":"2019-10-19T15:07:04","date_gmt":"2019-10-19T13:07:04","guid":{"rendered":"https:\/\/zjarr.tv\/?p=111048"},"modified":"2019-10-19T15:07:04","modified_gmt":"2019-10-19T13:07:04","slug":"deshtimi-me-negociatat-pd-edi-rama-te-jape-doreheqjen","status":"publish","type":"post","link":"https:\/\/zjarr.tv\/sq\/deshtimi-me-negociatat-pd-edi-rama-te-jape-doreheqjen\/","title":{"rendered":"D\u00ebshtimi me negociatat, PD: Edi Rama t\u00eb jap\u00eb dor\u00ebheqjen!"},"content":{"rendered":"<p>&#8220;P\u00ebr t\u00eb mir\u00ebn e vendit, Edi Rama duhet t\u00eb jap\u00eb dor\u00ebheqjen dhe t\u00eb \u00e7liroj\u00eb vendin nga keqqeverisja e tij.&#8221; Kjo \u00ebsht\u00eb thirrja q\u00eb Partia Demokratike i ka drejtuar sot kreut t\u00eb qeveris\u00eb, Edi Ram\u00ebs, pas d\u00ebshtimit t\u00eb tij t\u00eb tret\u00eb p\u00ebr t\u00eb hapur negociatat e an\u00ebtar\u00ebsimit t\u00eb Shqip\u00ebris\u00eb me BE-n\u00eb.<\/p>\n<p>N\u00eb nj\u00eb deklarat\u00eb t\u00eb PD nga Arben Kashahu, Sekretar p\u00ebr Marr\u00ebdh\u00ebniet Nd\u00ebrkomb\u00ebtare n\u00eb k\u00ebt\u00eb parti, thuhej:<\/p>\n<p>\u201cEdi Rama vuri s\u00ebrish interesin e pasuris\u00eb dhe pushtetit t\u00eb tij personal p\u00ebrpara interesit t\u00eb shqiptar\u00ebve dhe fatit europian t\u00eb Shqip\u00ebris\u00eb.<\/p>\n<p>Ai ka v\u00ebn\u00eb n\u00eb levizje mekanizimin e propagand\u00ebs p\u00ebr t\u00eb faj\u00ebsuar Bashkimin Europian, duke mos i njohur vetes asnj\u00eb p\u00ebrgjegj\u00ebsi pse Shqip\u00ebris\u00eb nuk iu hap\u00ebn s\u00ebrish negociatat.<\/p>\n<p>Faji nuk \u00ebsht\u00eb i Europ\u00ebs! Pengesa kryesore p\u00ebr moshapjen e negociatave \u00ebsht\u00eb Edi Rama.<\/p>\n<p>Ai ka 6 vjet q\u00eb, me keqqeverisjen e tij, po bllokon \u00ebndrr\u00ebn e shqiptar\u00ebve p\u00ebr t\u2019u b\u00ebr\u00eb pjes\u00eb e familjes europiane. Ndaj, duhet t\u00eb jet\u00eb e qart\u00eb p\u00ebr t\u00eb gjith\u00eb, n\u00ebse Shqip\u00ebria do q\u00eb t\u00eb bashkohet me Bashkimin Europian, kjo do t\u00eb ndodh\u00eb pa Edi Ram\u00ebn.<\/p>\n<p>P\u00ebr t\u00eb mir\u00ebn e vendit, Edi Rama duhet t\u00eb jap\u00eb dor\u00ebheqjen.<\/p>\n<p>N\u00ebse ai do t\u00eb vendoste ineteresat e shqiptar\u00ebve para interesave t\u00eb tij, Rama do t\u00eb ikte, do t\u00eb na \u00e7lironte nga qeverisja e tij e d\u00ebshtuar dhe do t\u00eb na linte t\u00eb ecnim drejt Bashkimit Europian. Ndaj t\u00eb mos ket\u00eb asnj\u00eb dyshim se ky vendim \u00ebsht\u00eb nj\u00eb d\u00ebshtim personal p\u00ebr Edi Ram\u00ebn. Nuk ka t\u00eb b\u00ebj\u00eb me Shqip\u00ebrin\u00eb, por ka t\u00eb b\u00ebj\u00eb me Edi Ram\u00ebn.<\/p>\n<p>Nuk jan\u00eb problemet e brendshme t\u00eb Europ\u00ebs ato q\u00eb pengojn\u00eb vendet europiane t\u00eb hapin negociatat me Shqip\u00ebrin\u00eb. \u00cbsht\u00eb korrupsioni, manipulimi i zgjedhjeve dhe sundimi i d\u00ebshtuar i Edi Ram\u00ebs q\u00eb nuk bind Bashkimin Europian.<\/p>\n<p>Jan\u00eb mij\u00ebra shqiptar\u00eb q\u00eb k\u00ebrkojn\u00eb azil n\u00eb Franc\u00eb, n\u00ebn qeverin\u00eb e Edi Ram\u00ebs, Shqip\u00ebria nuk \u00ebsht\u00eb m\u00eb i tyrja, po i nj\u00eb grushti oligark\u00ebsh dhe kriminel\u00ebsh.<\/p>\n<p>N\u00eb raport me popullsin\u00eb, numri i azilk\u00ebrkuesve shqiptar\u00eb gjat\u00eb qeveris\u00eb s\u00eb Edi Ram\u00ebs \u00ebsht\u00eb m\u00eb i larti n\u00eb bot\u00eb. Krimi shqiptar \u00ebsht\u00eb dhjet\u00ebfishuar n\u00eb Holland\u00eb, por trafikant\u00ebt e drog\u00ebs n\u00eb Shqip\u00ebri shnd\u00ebrrohen n\u00eb biznesmen\u00eb t\u00eb fuqish\u00ebm, q\u00eb pastrojn\u00eb para dhe blejn\u00eb gjith\u00e7ka, drejt\u00ebsin\u00eb, qeverin\u00eb, parlamentin.<\/p>\n<p>P\u00ebr t\u00eb gjitha k\u00ebto nuk e ka fajin Europa. Ky \u00ebsht\u00eb d\u00ebshtimi personal i Edi Ram\u00ebs.\u00a0 \u00cbsht\u00eb ajo \u00e7far\u00eb ka mbjell\u00eb 6 vjet n\u00eb drejtimin e vendit, duke shkelur pa m\u00ebshir\u00eb interesat e shqiptar\u00ebve, duke i zbuar ata nga vendi dhe duke e b\u00ebr\u00eb Shqip\u00ebrin\u00eb parajs\u00ebn e krimit t\u00eb organizuar dhe t\u00eb disa klient\u00ebve t\u00eb tij, me t\u00eb cil\u00ebt grabit pasurit\u00eb e shqiptar\u00ebve dhe i varf\u00ebron ata.<\/p>\n<p>Shumica d\u00ebrrmuese e shqiptar\u00ebve e kan\u00eb kuptuar se p\u00ebrsa koh\u00eb Shqip\u00ebria do t\u00eb drejtohet nga Edi Rama, vendi ka p\u00ebr t\u00eb b\u00ebr\u00eb vet\u00ebm hapa prapa. Edi Rama nuk ka nd\u00ebrmend t\u00eb p\u00ebrmbush\u00eb as 9 kushtet e Bundestagut gjerman, q\u00eb p\u00ebr opozit\u00ebn jan\u00eb udh\u00ebrr\u00ebfyesi p\u00ebr nxjerrjen e vendit nga kriza.<\/p>\n<p>Vet\u00ebm duke siguruar zgjedhje t\u00eb lira e t\u00eb ndershme, vet\u00ebm duke zbatuar standardet m\u00eb elementar\u00eb p\u00ebr barazin\u00eb para ligjit, Shqip\u00ebria do t\u00eb b\u00ebhet si Europa dhe Europa do t\u00eb na pranoj\u00eb n\u00eb familjen e saj.\u201d p\u00ebrfundoi Kashahu.<\/p>\n","protected":false},"excerpt":{"rendered":"<p>&#8220;P\u00ebr t\u00eb mir\u00ebn e vendit, Edi Rama duhet t\u00eb jap\u00eb dor\u00ebheqjen dhe t\u00eb \u00e7liroj\u00eb vendin nga keqqeverisja e tij.&#8221; Kjo \u00ebsht\u00eb thirrja q\u00eb Partia Demokratike i ka drejtuar sot kreut t\u00eb qeveris\u00eb, Edi Ram\u00ebs, pas d\u00ebshtimit t\u00eb tij t\u00eb tret\u00eb p\u00ebr t\u00eb hapur negociatat e an\u00ebtar\u00ebsimit t\u00eb Shqip\u00ebris\u00eb me BE-n\u00eb. N\u00eb nj\u00eb deklarat\u00eb t\u00eb PD [&hellip;]<\/p>\n","protected":false},"author":2013,"featured_media":100526,"comment_status":"open","ping_status":"closed","sticky":false,"template":"","format":"standard","meta":{"footnotes":""},"categories":[241,235],"tags":[],"class_list":{"0":"post-111048","1":"post","2":"type-post","3":"status-publish","4":"format-standard","5":"has-post-thumbnail","7":"category-aktualitet","8":"category-vendi"},"_links":{"self":[{"href":"https:\/\/zjarr.tv\/sq\/wp-json\/wp\/v2\/posts\/111048","targetHints":{"allow":["GET"]}}],"collection":[{"href":"https:\/\/zjarr.tv\/sq\/wp-json\/wp\/v2\/posts"}],"about":[{"href":"https:\/\/zjarr.tv\/sq\/wp-json\/wp\/v2\/types\/post"}],"author":[{"embeddable":true,"href":"https:\/\/zjarr.tv\/sq\/wp-json\/wp\/v2\/users\/2013"}],"replies":[{"embeddable":true,"href":"https:\/\/zjarr.tv\/sq\/wp-json\/wp\/v2\/comments?post=111048"}],"version-history":[{"count":0,"href":"https:\/\/zjarr.tv\/sq\/wp-json\/wp\/v2\/posts\/111048\/revisions"}],"wp:featuredmedia":[{"embeddable":true,"href":"https:\/\/zjarr.tv\/sq\/wp-json\/wp\/v2\/media\/100526"}],"wp:attachment":[{"href":"https:\/\/zjarr.tv\/sq\/wp-json\/wp\/v2\/media?parent=111048"}],"wp:term":[{"taxonomy":"category","embeddable":true,"href":"https:\/\/zjarr.tv\/sq\/wp-json\/wp\/v2\/categories?post=111048"},{"taxonomy":"post_tag","embeddable":true,"href":"https:\/\/zjarr.tv\/sq\/wp-json\/wp\/v2\/tags?post=111048"}],"curies":[{"name":"wp","href":"https:\/\/api.w.org\/{rel}","templated":true}]}}