{"id":111061,"date":"2019-10-19T15:13:41","date_gmt":"2019-10-19T13:13:41","guid":{"rendered":"https:\/\/zjarr.tv\/?p=111061"},"modified":"2019-10-19T15:13:41","modified_gmt":"2019-10-19T13:13:41","slug":"negociatat-spiropali-ne-kete-solidaritet-mbareevropian-ska-si-mos-te-vije-keq-per-nje-grusht-shqiptaresh-te-papergjegjshem-si","status":"publish","type":"post","link":"https:\/\/zjarr.tv\/sq\/negociatat-spiropali-ne-kete-solidaritet-mbareevropian-ska-si-mos-te-vije-keq-per-nje-grusht-shqiptaresh-te-papergjegjshem-si\/","title":{"rendered":"Negociatat\/ Spiropali: N\u00eb k\u00ebt\u00eb solidaritet mbar\u00ebevropian, s\u2019ka si mos t\u00eb vij\u00eb keq p\u00ebr nj\u00eb grusht shqiptar\u00ebsh t\u00eb pap\u00ebrgjegjsh\u00ebm si \u2026"},"content":{"rendered":"<p>\u201cPrek\u00ebse t\u00eb shoh\u00ebsh sa shum\u00eb mb\u00ebshtet\u00ebs ka sot Shqip\u00ebria\u201d Spiropali reagon p\u00ebr negociatat: Pavar\u00ebsisht shejtanbudallenjt\u00eb qesharak\u00eb n\u00eb do vijojm\u00eb detyrat tona<\/p>\n<p>N\u00eb nj\u00eb shkrim t\u00eb gjat\u00eb n\u00eb facebook, Ministrja e Shtetit p\u00ebr Marr\u00ebdh\u00ebniet me Parlamentin Elisa Spiropali, reagon p\u00ebr vendimin e BE p\u00ebr mos \u00e7eljen e negociatave.<\/p>\n<p>Nd\u00ebrsa p\u00ebrmend me radh\u00eb reagimet e zhg\u00ebnjimin nd\u00ebrkomb\u00ebtar q\u00eb pasoi k\u00ebt\u00eb vendim, Spiropali shkruan se \u00ebsht\u00eb prek\u00ebse t\u00eb shoh\u00ebsh sa shum\u00eb mb\u00ebshtet\u00ebs n\u00eb BE dhe jasht\u00eb saj ka sot Shqip\u00ebria q\u00eb \u00ebsht\u00eb m\u00eb pran\u00eb se kurr\u00eb kap\u00ebrcimit t\u00eb keqkuptimeve historike me Evrop\u00ebn.<\/p>\n<p>\u201cE n\u00eb gjith\u00eb k\u00ebt\u00eb solidaritet mbar\u00ebevropian, pse jo dhe mbar\u00ebbot\u00ebror, nuk ka si t\u00eb mos t\u00eb vij\u00eb keq p\u00ebr nj\u00eb grusht shqiptar\u00ebsh t\u00eb pap\u00ebrgjegjsh\u00ebm si Berisha, Basha, ca lakenj mediatik\u00eb dhe ca g\u00ebnjeshtar\u00eb patologjik\u00eb t\u00eb pandersh\u00ebm dhe t\u00eb paturpsh\u00ebm q\u00eb falenderojn\u00eb Macron dhe sulmojn\u00eb Komisionin Evropian p\u00ebr mb\u00ebshtetjen, duke fyer dhe l\u00ebnduar n\u00eb k\u00ebt\u00eb m\u00ebnyr\u00eb pa asnj\u00eb p\u00ebrgjegjshm\u00ebri dhe asnj\u00eb droj\u00eb inteligjenc\u00ebn dhe ndjeshm\u00ebrin\u00eb patriotike t\u00eb \u00e7do shqiptari. Pavar\u00ebsisht nga k\u00ebta shejtanbudallenj qesharak\u00eb, ne do vazhdojm\u00eb t\u00eb b\u00ebjm\u00eb detyrat tona dhe nuk do t\u00eb ndalemi derisa ta shohim Shqip\u00ebrin\u00eb t\u00eb \u00e7liruar nga k\u00ebta t\u00eb pafe e t\u00eb paatdhe, dhe sigurisht do ta realizojm\u00eb \u00ebndrr\u00ebn komb\u00ebtare t\u00eb shqiptar\u00ebve p\u00ebr t\u2019u kthyer n\u00eb familjen ton\u00eb natyrale, Evrop\u00ebn.\u201d Shkruan Spiropali.<\/p>\n<p><strong>Postimi i plot\u00eb:<\/strong><br \/>\nKa nj\u00eb keqardhje dhe zem\u00ebrim t\u00eb kuptuesh\u00ebm mbar\u00ebkomb\u00ebtar dhe mbar\u00ebevropian lidhur me munges\u00ebn e vendimit t\u00eb K\u00ebshillit Evropian p\u00ebr \u00e7eljen e negociatave me Shqip\u00ebrin\u00eb dhe Maqedonin\u00eb e Veriut. Supergruaja e Evrop\u00ebs, Angela Merkel, e cila udh\u00ebhoqi personalisht frontin pro Shqip\u00ebris\u00eb dhe Maqedonis\u00eb, siguroi se Gjermania do insistoj\u00eb t\u00eb b\u00ebhet m\u00eb e mira n\u00eb raport me dy vendet ballkanike.<br \/>\nKryeministri i Italis\u00eb Conte foli p\u00ebr historin\u00eb otomane dhe komuniste si dy p\u00ebrcaktuese fatkeqe t\u00eb ndarjes s\u00eb rajonit nga Evropa dhe e quajti vendimin e djesh\u00ebm nj\u00eb gabim historik. Ishte prekes\u00eb ta d\u00ebgjoje kryeministrin e Italis\u00eb mike duke na b\u00ebr\u00eb t\u00eb rindjejm\u00eb mallin ton\u00eb t\u00eb kahersh\u00ebm p\u00ebr Evrop\u00ebn. Duke na kujtuar se miqt\u00eb e vjet\u00ebr nuk harrohen kurr\u00eb, Kancelarja n\u00eb detyr\u00eb e Austris\u00eb Bierlein deklaroi hapur dhe qart\u00eb mb\u00ebshtetjen p\u00ebr t\u00eb dyja vendet duke shprehur nj\u00ebkoh\u00ebsisht zhg\u00ebnjimin me munges\u00ebn e vendimit dhe drit\u00ebshkurt\u00ebsin\u00eb e d\u00ebshmuar t\u00eb p\u00ebrgjegj\u00ebsve t\u00eb k\u00ebtij akti t\u00eb gabuar.<\/p>\n<div id=\"videoad\"><\/div>\n<div id=\"pa_1x1_psbk_1571490790957\"><\/div>\n<p>Reagimi i fort\u00eb i Departamentit Amerikan t\u00eb Shtetit shprehu zhg\u00ebnjimin mbi k\u00ebt\u00eb vendim t\u00eb padrejt\u00eb duke provuar k\u00ebshtu se Amerika do vazhdoj\u00eb t\u00eb jet\u00eb gjithmon\u00eb aleatja jon\u00eb strategjike p\u00ebr t\u00eb zbrapsur cil\u00ebndo forc\u00eb q\u00eb do i duket se me k\u00ebt\u00eb rast u b\u00eb deti kos dhe do mundohet t\u00eb p\u00ebrfitoj\u00eb.<br \/>\nReagime vazhdojne varg, Eduard Kukan, nj\u00eb i djatht\u00eb i d\u00ebshmuar i Parlamentit Evropian, njoh\u00ebs i mir\u00eb i Shqip\u00ebris\u00eb dhe nd\u00ebrlikimeve tona politike, shprehu neverin\u00eb dhe indinjat\u00ebn p\u00ebr at\u00eb q\u00eb e quajti sabotim dhe pap\u00ebrgjegjshm\u00ebri t\u00eb Franc\u00ebs dhe Macron p\u00ebr procesin e zgjerimit. Presidenti i K\u00ebshillit Tusk b\u00ebri luft\u00eb deri n\u00eb fund dhe vazhdon t\u2019i jap\u00eb inkurajim Shqip\u00ebris\u00eb dhe Maqedonis\u00eb s\u00eb Veriut se rrug\u00ebtimi yn\u00eb i p\u00ebrbashk\u00ebt vazhdon. Presidentja e zgjedhur e Komisionit, gjermanja Ursula von der Leyen, Presidenti aktual Juncker e konsideruan gabim historik mbajtjen pezull t\u00eb dy vendeve, Komisioneri Hahn shkoi me larg duke deklaruar se t\u00eb dy vendet i mbajt\u00ebn premtimet e tyre, nd\u00ebrsa K\u00ebshilli d\u00ebshtoi p\u00ebr shkak t\u00eb problemeve t\u00eb brendshme.<br \/>\nPrek\u00ebse t\u00eb shoh\u00ebsh sa shum\u00eb mb\u00ebshtet\u00ebs n\u00eb BE dhe jasht\u00eb saj ka sot Shqip\u00ebria q\u00eb \u00ebsht\u00eb m\u00eb pran\u00eb se kurr\u00eb kap\u00ebrcimit t\u00eb keqkuptimeve historike me Evrop\u00ebn. E n\u00eb gjith\u00eb k\u00ebt\u00eb solidaritet mbar\u00ebevropian, pse jo dhe mbar\u00ebbot\u00ebror, nuk ka si t\u00eb mos t\u00eb vij\u00eb keq p\u00ebr nj\u00eb grusht shqiptar\u00ebsh t\u00eb pap\u00ebrgjegjsh\u00ebm si Berisha, Basha, ca lakenj mediatik\u00eb dhe ca g\u00ebnjeshtar\u00eb patologjik\u00eb t\u00eb pandersh\u00ebm dhe t\u00eb paturpsh\u00ebm q\u00eb falenderojn\u00eb Macron dhe sulmojn\u00eb Komisionin Evropian p\u00ebr mb\u00ebshtetjen, duke fyer dhe l\u00ebnduar n\u00eb k\u00ebt\u00eb m\u00ebnyr\u00eb pa asnj\u00eb p\u00ebrgjegjshm\u00ebri dhe asnj\u00eb droj\u00eb inteligjenc\u00ebn dhe ndjeshm\u00ebrin\u00eb patriotike t\u00eb \u00e7do shqiptari.<br \/>\nPavar\u00ebsisht nga k\u00ebta shejtanbudallenj qesharak\u00eb, ne do vazhdojm\u00eb t\u00eb b\u00ebjm\u00eb detyrat tona dhe nuk do t\u00eb ndalemi derisa ta shohim Shqip\u00ebrin\u00eb t\u00eb \u00e7liruar nga k\u00ebta t\u00eb pafe e t\u00eb paatdhe, dhe sigurisht do ta realizojm\u00eb \u00ebndrr\u00ebn komb\u00ebtare t\u00eb shqiptar\u00ebve p\u00ebr t\u2019u kthyer n\u00eb familjan ton\u00eb natyrale, Evrop\u00ebn.<\/p>\n","protected":false},"excerpt":{"rendered":"<p>\u201cPrek\u00ebse t\u00eb shoh\u00ebsh sa shum\u00eb mb\u00ebshtet\u00ebs ka sot Shqip\u00ebria\u201d Spiropali reagon p\u00ebr negociatat: Pavar\u00ebsisht shejtanbudallenjt\u00eb qesharak\u00eb n\u00eb do vijojm\u00eb detyrat tona N\u00eb nj\u00eb shkrim t\u00eb gjat\u00eb n\u00eb facebook, Ministrja e Shtetit p\u00ebr Marr\u00ebdh\u00ebniet me Parlamentin Elisa Spiropali, reagon p\u00ebr vendimin e BE p\u00ebr mos \u00e7eljen e negociatave. Nd\u00ebrsa p\u00ebrmend me radh\u00eb reagimet e zhg\u00ebnjimin nd\u00ebrkomb\u00ebtar [&hellip;]<\/p>\n","protected":false},"author":2013,"featured_media":65947,"comment_status":"open","ping_status":"closed","sticky":false,"template":"","format":"standard","meta":{"footnotes":""},"categories":[241,235],"tags":[],"class_list":{"0":"post-111061","1":"post","2":"type-post","3":"status-publish","4":"format-standard","5":"has-post-thumbnail","7":"category-aktualitet","8":"category-vendi"},"_links":{"self":[{"href":"https:\/\/zjarr.tv\/sq\/wp-json\/wp\/v2\/posts\/111061","targetHints":{"allow":["GET"]}}],"collection":[{"href":"https:\/\/zjarr.tv\/sq\/wp-json\/wp\/v2\/posts"}],"about":[{"href":"https:\/\/zjarr.tv\/sq\/wp-json\/wp\/v2\/types\/post"}],"author":[{"embeddable":true,"href":"https:\/\/zjarr.tv\/sq\/wp-json\/wp\/v2\/users\/2013"}],"replies":[{"embeddable":true,"href":"https:\/\/zjarr.tv\/sq\/wp-json\/wp\/v2\/comments?post=111061"}],"version-history":[{"count":0,"href":"https:\/\/zjarr.tv\/sq\/wp-json\/wp\/v2\/posts\/111061\/revisions"}],"wp:featuredmedia":[{"embeddable":true,"href":"https:\/\/zjarr.tv\/sq\/wp-json\/wp\/v2\/media\/65947"}],"wp:attachment":[{"href":"https:\/\/zjarr.tv\/sq\/wp-json\/wp\/v2\/media?parent=111061"}],"wp:term":[{"taxonomy":"category","embeddable":true,"href":"https:\/\/zjarr.tv\/sq\/wp-json\/wp\/v2\/categories?post=111061"},{"taxonomy":"post_tag","embeddable":true,"href":"https:\/\/zjarr.tv\/sq\/wp-json\/wp\/v2\/tags?post=111061"}],"curies":[{"name":"wp","href":"https:\/\/api.w.org\/{rel}","templated":true}]}}