{"id":111063,"date":"2019-10-19T15:14:27","date_gmt":"2019-10-19T13:14:27","guid":{"rendered":"https:\/\/zjarr.tv\/?p=111063"},"modified":"2019-10-19T15:14:27","modified_gmt":"2019-10-19T13:14:27","slug":"azilkerkues-ne-france-riatdhesohen-vullnetarisht-120-shqiptare","status":"publish","type":"post","link":"https:\/\/zjarr.tv\/sq\/azilkerkues-ne-france-riatdhesohen-vullnetarisht-120-shqiptare\/","title":{"rendered":"Azilk\u00ebrkues n\u00eb Franc\u00eb\/ Riatdhesohen vullnetarisht 120 shqiptar\u00eb"},"content":{"rendered":"<p>Riatdhesohen vullnetarisht 120 shqiptar\u00eb n\u00eb aeroportin e Rinasit. Ata kishin shkuar p\u00ebr t\u00eb k\u00ebrkuar azil<\/p>\n<p>n\u00eb Franc\u00eb, por vendos\u00ebn q\u00eb t\u00eb ktheheshin, duke shmangur k\u00ebshtu penalitetet e mundshme, q\u00eb rrjedhin nga mosrespektimi i afateve t\u00eb q\u00ebndrimit n\u00eb zon\u00ebn Schengen.<\/p>\n<p>Ky ishte nj\u00eb nd\u00ebr operacionet m\u00eb t\u00eb m\u00ebdha t\u00eb riatdhesimit vullnetar. Sipas Shefit t\u00eb Komisariatit t\u00eb Policis\u00eb Rinas, P\u00ebrparim Dema, ky operacion merr r\u00ebnd\u00ebsi nga fakti q\u00eb kthimi i tyre \u00ebsht\u00eb b\u00ebr\u00eb vullnetarisht, \u00e7ka konsiderohet si nj\u00eb element ndihm\u00ebs n\u00eb parandalimin e l\u00ebvizjes s\u00eb parregullt n\u00eb zon\u00ebn Schengen.<\/p>\n<p>Duke b\u00ebr\u00eb nj\u00eb apel p\u00ebr shtetasit shqiptar\u00eb q\u00eb t\u00eb respektojn\u00eb rregullat e l\u00ebvizjes, Dema u shpreh se:<br \/>\n\u201cDua t\u2019u b\u00ebj nj\u00eb apel gjith\u00eb qytetar\u00ebve shqiptar\u00eb t\u00eb mos abuzojn\u00eb me lirin\u00eb e l\u00ebvizjes s\u00eb lir\u00eb. Shqip\u00ebria \u00ebsht\u00eb nj\u00eb vend i sigurt dhe i till\u00eb konsiderohet edhe nga vendet e BE-s\u00eb dhe k\u00ebrkesat p\u00ebr azil nuk kan\u00eb shanse p\u00ebr t\u2019u aprovuar\u201d. N\u00eb lidhje me pasojat e mundshme q\u00eb mund t\u00eb bien mbi personat q\u00eb shkelin rregullat e l\u00ebvizjes s\u00eb lir\u00eb n\u00eb vendet e BE-s\u00eb, Dema tha: \u201cDeportimi nga vendet e BE-s\u00eb shoq\u00ebrohet edhe me masa t\u00eb tjera shtes\u00eb, q\u00eb jan\u00eb edhe ndalimi deri n\u00eb disa vite i udh\u00ebtimit n\u00eb zon\u00ebn Schengen\u201d.<\/p>\n<p>Tre dit\u00eb m\u00eb par\u00eb n\u00eb Rinas u riatdhesuan edhe 100 shtetas t\u00eb tjer\u00eb, t\u00eb cil\u00ebt u kap\u00ebn n\u00eb Franc\u00eb, Belgjik\u00eb e Gjermani. K\u00ebta jan\u00eb individ\u00eb, ndaj t\u00eb cil\u00ebve ka vendim ligjor p\u00ebr dalje nga territori francez, belg e gjerman, p\u00ebr shkelje t\u00eb rregullave t\u00eb l\u00ebvizjes n\u00eb zon\u00ebn Schengen. Ky operacioni riatdhesimi p\u00ebr shtetasit shqiptar\u00eb, u zhvillua n\u00eb bashk\u00ebpunim me Frontex-in.<\/p>\n<p>Kujtojm\u00eb se dje presidenti francez Emannuele Macron deklaroi se nj\u00eb nd\u00ebr problemet shqet\u00ebsuese q\u00eb ka sot Shqip\u00ebria jan\u00eb k\u00ebrkesat e larta p\u00ebr azil, duke refuzuar k\u00ebshtu edhe \u00e7eljen e negociatave me BE.<\/p>\n","protected":false},"excerpt":{"rendered":"<p>Riatdhesohen vullnetarisht 120 shqiptar\u00eb n\u00eb aeroportin e Rinasit. Ata kishin shkuar p\u00ebr t\u00eb k\u00ebrkuar azil n\u00eb Franc\u00eb, por vendos\u00ebn q\u00eb t\u00eb ktheheshin, duke shmangur k\u00ebshtu penalitetet e mundshme, q\u00eb rrjedhin nga mosrespektimi i afateve t\u00eb q\u00ebndrimit n\u00eb zon\u00ebn Schengen. Ky ishte nj\u00eb nd\u00ebr operacionet m\u00eb t\u00eb m\u00ebdha t\u00eb riatdhesimit vullnetar. Sipas Shefit t\u00eb Komisariatit t\u00eb [&hellip;]<\/p>\n","protected":false},"author":2013,"featured_media":111064,"comment_status":"open","ping_status":"closed","sticky":false,"template":"","format":"standard","meta":{"footnotes":""},"categories":[241,235],"tags":[],"class_list":{"0":"post-111063","1":"post","2":"type-post","3":"status-publish","4":"format-standard","5":"has-post-thumbnail","7":"category-aktualitet","8":"category-vendi"},"_links":{"self":[{"href":"https:\/\/zjarr.tv\/sq\/wp-json\/wp\/v2\/posts\/111063","targetHints":{"allow":["GET"]}}],"collection":[{"href":"https:\/\/zjarr.tv\/sq\/wp-json\/wp\/v2\/posts"}],"about":[{"href":"https:\/\/zjarr.tv\/sq\/wp-json\/wp\/v2\/types\/post"}],"author":[{"embeddable":true,"href":"https:\/\/zjarr.tv\/sq\/wp-json\/wp\/v2\/users\/2013"}],"replies":[{"embeddable":true,"href":"https:\/\/zjarr.tv\/sq\/wp-json\/wp\/v2\/comments?post=111063"}],"version-history":[{"count":0,"href":"https:\/\/zjarr.tv\/sq\/wp-json\/wp\/v2\/posts\/111063\/revisions"}],"wp:featuredmedia":[{"embeddable":true,"href":"https:\/\/zjarr.tv\/sq\/wp-json\/wp\/v2\/media\/111064"}],"wp:attachment":[{"href":"https:\/\/zjarr.tv\/sq\/wp-json\/wp\/v2\/media?parent=111063"}],"wp:term":[{"taxonomy":"category","embeddable":true,"href":"https:\/\/zjarr.tv\/sq\/wp-json\/wp\/v2\/categories?post=111063"},{"taxonomy":"post_tag","embeddable":true,"href":"https:\/\/zjarr.tv\/sq\/wp-json\/wp\/v2\/tags?post=111063"}],"curies":[{"name":"wp","href":"https:\/\/api.w.org\/{rel}","templated":true}]}}