{"id":111072,"date":"2019-10-19T15:18:40","date_gmt":"2019-10-19T13:18:40","guid":{"rendered":"https:\/\/zjarr.tv\/?p=111072"},"modified":"2019-10-19T15:18:40","modified_gmt":"2019-10-19T13:18:40","slug":"frontex-ruan-kufirin-lleshaj-ne-kakavije-ndalohet-emigracioni-i-paligjshem","status":"publish","type":"post","link":"https:\/\/zjarr.tv\/sq\/frontex-ruan-kufirin-lleshaj-ne-kakavije-ndalohet-emigracioni-i-paligjshem\/","title":{"rendered":"FRONTEX ruan kufirin, Lleshaj n\u00eb Kakavij\u00eb: Ndalohet emigracioni i paligjsh\u00ebm"},"content":{"rendered":"<p>Ministri i Brendsh\u00ebm Sand\u00ebr Llezhaj ka zhvilluar nj\u00eb takim me Kakavij\u00eb me forcat e Frontex t\u00eb angazhuara prej 5 muajsh n\u00eb ruajtjen e kufirit. Si pasoj\u00eb e k\u00ebtij angazhimi n\u00eb tet\u00eb muaj jan\u00eb ndaluar mbi 1300 klandestin\u00eb q\u00eb tentojn\u00eb t\u00eb kalojn\u00eb p\u00ebrmes Shqip\u00ebris\u00eb drejt vendeve t\u00eb BE.<\/p>\n<p>Vet\u00ebm n\u00eb 5 muaj n\u00eb Shqip\u00ebri jan\u00eb ndaluar mbi 1300 klandestin\u00eb, t\u00eb cil\u00ebt tentuan t\u00eb kalonin p\u00ebrmes Shqip\u00ebris\u00eb drejt vendeve t\u00eb BE. Madje p\u00ebr shkak t\u00eb numrit t\u00eb lart\u00eb, n\u00eb kufi me Greqin\u00eb u ngrit dhe nj\u00eb qend\u00ebr e posa\u00e7me pritjeje.<\/p>\n<p>Ministri i Brendsh\u00ebm Sand\u00ebr Lleshaj ishte n\u00eb Kakavij\u00eb ku zhvilloi nj\u00eb takim me forcat operacionale t\u00eb Frontex t\u00eb angazhuara n\u00eb ruajtjen e kufirit.<\/p>\n<p>Lleshaj: Misioni i FRONTEX n\u00eb Shqip\u00ebri \u00ebsht\u00eb i pari q\u00eb realizohet jasht\u00eb BE. \u00cbsht\u00eb nj\u00eb mision shum\u00eb i r\u00ebnd\u00ebsish\u00ebm, s\u00eb pari p\u00ebr t\u00eb penguar migracionin e paligjsh\u00ebm, e dyta dhe ky \u00ebsht\u00eb nj\u00eb tjet\u00ebr aspekt i r\u00ebnd\u00ebsish\u00ebm, ka t\u00eb b\u00ebj\u00eb me faktin q\u00eb prej k\u00ebtij operacioni ne synojm\u00eb t\u00eb p\u00ebrfitojm\u00eb eksperienc\u00eb, t\u00eb p\u00ebrfitojm\u00eb kontakte, t\u00eb p\u00ebrfitojm\u00eb dhe zgjerojm\u00eb bashk\u00ebpunimin mes Policis\u00eb Shqiptare dhe Policive t\u00eb tjera, pjes\u00eb e FRONTEX.<\/p>\n<p>FRONTEX operon prej 5 muajsh n\u00eb kufirin tok\u00ebsor me Greqin\u00eb dhe \u00ebsht\u00eb i vendosur n\u00eb 2 Pika t\u00eb Kalimit, n\u00eb Kapshtic\u00eb dhe Kakavij\u00eb, me oficer\u00eb nga vende t\u00eb ndryshme Gjermania, \u00c7ekia, Lituania, Sllovenia, Estonia, Hungaria, Finlanda etj.<\/p>\n","protected":false},"excerpt":{"rendered":"<p>Ministri i Brendsh\u00ebm Sand\u00ebr Llezhaj ka zhvilluar nj\u00eb takim me Kakavij\u00eb me forcat e Frontex t\u00eb angazhuara prej 5 muajsh n\u00eb ruajtjen e kufirit. Si pasoj\u00eb e k\u00ebtij angazhimi n\u00eb tet\u00eb muaj jan\u00eb ndaluar mbi 1300 klandestin\u00eb q\u00eb tentojn\u00eb t\u00eb kalojn\u00eb p\u00ebrmes Shqip\u00ebris\u00eb drejt vendeve t\u00eb BE. Vet\u00ebm n\u00eb 5 muaj n\u00eb Shqip\u00ebri jan\u00eb ndaluar [&hellip;]<\/p>\n","protected":false},"author":2013,"featured_media":111073,"comment_status":"open","ping_status":"closed","sticky":false,"template":"","format":"standard","meta":{"footnotes":""},"categories":[241,235],"tags":[],"class_list":{"0":"post-111072","1":"post","2":"type-post","3":"status-publish","4":"format-standard","5":"has-post-thumbnail","7":"category-aktualitet","8":"category-vendi"},"_links":{"self":[{"href":"https:\/\/zjarr.tv\/sq\/wp-json\/wp\/v2\/posts\/111072","targetHints":{"allow":["GET"]}}],"collection":[{"href":"https:\/\/zjarr.tv\/sq\/wp-json\/wp\/v2\/posts"}],"about":[{"href":"https:\/\/zjarr.tv\/sq\/wp-json\/wp\/v2\/types\/post"}],"author":[{"embeddable":true,"href":"https:\/\/zjarr.tv\/sq\/wp-json\/wp\/v2\/users\/2013"}],"replies":[{"embeddable":true,"href":"https:\/\/zjarr.tv\/sq\/wp-json\/wp\/v2\/comments?post=111072"}],"version-history":[{"count":0,"href":"https:\/\/zjarr.tv\/sq\/wp-json\/wp\/v2\/posts\/111072\/revisions"}],"wp:featuredmedia":[{"embeddable":true,"href":"https:\/\/zjarr.tv\/sq\/wp-json\/wp\/v2\/media\/111073"}],"wp:attachment":[{"href":"https:\/\/zjarr.tv\/sq\/wp-json\/wp\/v2\/media?parent=111072"}],"wp:term":[{"taxonomy":"category","embeddable":true,"href":"https:\/\/zjarr.tv\/sq\/wp-json\/wp\/v2\/categories?post=111072"},{"taxonomy":"post_tag","embeddable":true,"href":"https:\/\/zjarr.tv\/sq\/wp-json\/wp\/v2\/tags?post=111072"}],"curies":[{"name":"wp","href":"https:\/\/api.w.org\/{rel}","templated":true}]}}