{"id":111075,"date":"2019-10-19T15:19:27","date_gmt":"2019-10-19T13:19:27","guid":{"rendered":"https:\/\/zjarr.tv\/?p=111075"},"modified":"2019-10-19T15:19:27","modified_gmt":"2019-10-19T13:19:27","slug":"negociatat-qeveria-heq-pergjegjesine","status":"publish","type":"post","link":"https:\/\/zjarr.tv\/sq\/negociatat-qeveria-heq-pergjegjesine\/","title":{"rendered":"Negociatat, qeveria heq p\u00ebrgjegj\u00ebsin\u00eb"},"content":{"rendered":"<p><em>Qeveria shqiptare nuk do t\u00eb ndjek\u00eb shembullin e kryeministrit Zoran Zaev p\u00ebr ta \u00e7uar vendin n\u00eb zgjedhje t\u00eb parakohshme p\u00ebr shkak t\u00eb d\u00ebshtimit t\u00eb marrjes s\u00eb nj\u00eb p\u00ebrgjigje pozitive, nga Brukseli. K\u00ebt\u00eb vendimin Ministri i Jasht\u00ebm n\u00eb detyr\u00eb Gent Cakaj e argumenton se ekzekutivi i Edi Ram\u00ebs nuk premtoi asnj\u00ebher\u00eb q\u00eb do t\u2019i hap\u00eb n\u00eb tetor negociatat, nd\u00ebrsa vendimi sipas tij erdhi p\u00ebr shkak t\u00eb problemeve t\u00eb brendshme t\u00eb BE.<\/em><\/p>\n<p>Qeveria shqiptare heq t\u00eb gjitha p\u00ebrgjegj\u00ebsit\u00eb nga vendimi negativ p\u00ebr t\u00eb tret\u00ebn her\u00eb radhazi nga Bashkimi Europian. Ashtu si Kryeministri Rama, edhe p\u00ebr ministrin e Jasht\u00ebm n\u00eb detyr\u00eb Gent Cakaj mos\u2019hapja e negociatave nuk ka lidhje me pun\u00ebn e b\u00ebr\u00eb nga qeveria, por me vizionin e ri t\u00eb Franc\u00ebs p\u00ebr zgjerimin.<\/p>\n<p><strong>Gent Cakaj:<\/strong>\u00a0<em>Ky vendim nuk vjen nga d\u00ebshtimi i Shqip\u00ebris\u00eb p\u00ebr t\u00eb q\u00ebndruar n\u00eb lart\u00ebsin\u00eb e nevojshme t\u00eb standardeve p\u00ebr \u00e7eljen e bisedimeve t\u00eb an\u00ebtar\u00ebsimit, por ishte e drejtp\u00ebrdrejt\u00eb sepse BE \u00ebsht\u00eb n\u00eb nj\u00eb proces t\u00eb shqyrtimit t\u00eb thell\u00eb t\u00eb vet\u00ebvetes.<\/em><\/p>\n<p>Pavar\u00ebsisht se Shqip\u00ebria e p\u00ebsoi si Maqedonia e Veriut, lider\u00ebt e dy vendeve t\u00eb Ballkanit Per\u00ebndimor nuk kan\u00eb t\u00eb nj\u00ebjt\u00ebn strategji n\u00eb raport me p\u00ebrgjegj\u00ebsin\u00eb ndaj qytetar\u00ebve t\u00eb saj.<\/p>\n<p><strong>Gent Cakaj:<\/strong><em>\u00a0N\u00eb Maqedonin\u00eb e Veriut ka pasur premtime q\u00eb n\u00ebse kjo nuk ndodh ne do t\u00eb japim dor\u00ebheqjen. Un\u00eb nuk e di q\u00eb kryeministri i Republik\u00ebs s\u00eb Shqip\u00ebris\u00eb ose un\u00eb ose ndonj\u00eb p\u00ebrfaq\u00ebsues tjet\u00ebr i qeveris\u00eb ndonj\u00ebher\u00eb nga janari e deri tani ka premtuar se negociatat do t\u00eb hapen.<\/em><\/p>\n<p>P\u00ebr rastin e djalit shqiptar 11-vje\u00e7ar, i cili ndodhet n\u00eb kampet e Siris\u00eb, p\u00ebr Gent Cakajn kjo \u00ebsht\u00eb nj\u00eb \u00e7\u00ebshtje q\u00eb shkon p\u00ebrtej diplomacis\u00eb.<\/p>\n<p><strong>Gent Cakaj:<\/strong>\u00a0<em>Angazhimi yn\u00eb \u00ebsht\u00eb maksimal. \u00ebsht\u00eb nj\u00eb \u00e7\u00ebshtje q\u00eb duhet t\u00eb b\u00ebhet n\u00eb koordinim t\u00eb ngusht\u00eb me partner\u00ebt tan\u00eb.<\/em><\/p>\n","protected":false},"excerpt":{"rendered":"<p>Qeveria shqiptare nuk do t\u00eb ndjek\u00eb shembullin e kryeministrit Zoran Zaev p\u00ebr ta \u00e7uar vendin n\u00eb zgjedhje t\u00eb parakohshme p\u00ebr shkak t\u00eb d\u00ebshtimit t\u00eb marrjes s\u00eb nj\u00eb p\u00ebrgjigje pozitive, nga Brukseli. K\u00ebt\u00eb vendimin Ministri i Jasht\u00ebm n\u00eb detyr\u00eb Gent Cakaj e argumenton se ekzekutivi i Edi Ram\u00ebs nuk premtoi asnj\u00ebher\u00eb q\u00eb do t\u2019i hap\u00eb n\u00eb [&hellip;]<\/p>\n","protected":false},"author":2013,"featured_media":111021,"comment_status":"open","ping_status":"closed","sticky":false,"template":"","format":"standard","meta":{"footnotes":""},"categories":[241,235],"tags":[],"class_list":{"0":"post-111075","1":"post","2":"type-post","3":"status-publish","4":"format-standard","5":"has-post-thumbnail","7":"category-aktualitet","8":"category-vendi"},"_links":{"self":[{"href":"https:\/\/zjarr.tv\/sq\/wp-json\/wp\/v2\/posts\/111075","targetHints":{"allow":["GET"]}}],"collection":[{"href":"https:\/\/zjarr.tv\/sq\/wp-json\/wp\/v2\/posts"}],"about":[{"href":"https:\/\/zjarr.tv\/sq\/wp-json\/wp\/v2\/types\/post"}],"author":[{"embeddable":true,"href":"https:\/\/zjarr.tv\/sq\/wp-json\/wp\/v2\/users\/2013"}],"replies":[{"embeddable":true,"href":"https:\/\/zjarr.tv\/sq\/wp-json\/wp\/v2\/comments?post=111075"}],"version-history":[{"count":0,"href":"https:\/\/zjarr.tv\/sq\/wp-json\/wp\/v2\/posts\/111075\/revisions"}],"wp:featuredmedia":[{"embeddable":true,"href":"https:\/\/zjarr.tv\/sq\/wp-json\/wp\/v2\/media\/111021"}],"wp:attachment":[{"href":"https:\/\/zjarr.tv\/sq\/wp-json\/wp\/v2\/media?parent=111075"}],"wp:term":[{"taxonomy":"category","embeddable":true,"href":"https:\/\/zjarr.tv\/sq\/wp-json\/wp\/v2\/categories?post=111075"},{"taxonomy":"post_tag","embeddable":true,"href":"https:\/\/zjarr.tv\/sq\/wp-json\/wp\/v2\/tags?post=111075"}],"curies":[{"name":"wp","href":"https:\/\/api.w.org\/{rel}","templated":true}]}}