{"id":111077,"date":"2019-10-19T15:20:23","date_gmt":"2019-10-19T13:20:23","guid":{"rendered":"https:\/\/zjarr.tv\/?p=111077"},"modified":"2019-10-19T15:20:23","modified_gmt":"2019-10-19T13:20:23","slug":"reagon-dash-shba-e-zhgenjyer-nga-vendimi-i-be-per-negociatat","status":"publish","type":"post","link":"https:\/\/zjarr.tv\/sq\/reagon-dash-shba-e-zhgenjyer-nga-vendimi-i-be-per-negociatat\/","title":{"rendered":"Reagon DASH: SHBA, e zhg\u00ebnjyer nga vendimi i BE p\u00ebr negociatat"},"content":{"rendered":"<p>Moshapja e bisedimeve m\u00eb Shqip\u00ebrin\u00eb dhe Maqedonin\u00eb e Veriut ka sjell\u00eb edhe reagimin e Departamentit Amerikan t\u00eb Shtetit.<\/p>\n<p>N\u00eb nj\u00eb deklarat\u00eb p\u00ebr mediat, DASH thot\u00eb se SHBA \u00ebsht\u00eb e zhg\u00ebnjyer q\u00eb K\u00ebshilli i Europ\u00ebs nuk pranoi t\u00eb hap\u00eb negociatat e pranimit me Maqedonin\u00eb Veriore dhe Shqip\u00ebrin\u00eb n\u00eb samitin dy ditor.<\/p>\n<p>DASH thekson se ShBA p\u00ebrkrah aspiratat e dy vendeve p\u00ebr an\u00ebtar\u00ebsimin n\u00eb BE dhe reformat e vazhdueshme p\u00ebr t\u00eb mir\u00ebn e qytetar\u00ebve t\u00eb tyre.<\/p>\n<p>K\u00ebmb\u00ebngulja e Franc\u00ebs, p\u00ebrkundrejt shumic\u00ebs d\u00ebrrmuese t\u00eb vendeve an\u00ebtare t\u00eb Bashkimit europian, b\u00ebri q\u00eb sot K\u00ebshilli Europian t\u00eb mos dal\u00eb me nj\u00eb vendim p\u00ebr hapjen e bisedimeve p\u00ebr an\u00ebtar\u00ebsim me Shqip\u00ebrin\u00eb dhe Maqedonin\u00eb e Veriut.<\/p>\n<p>P\u00ebr k\u00ebt\u00eb tem\u00eb vendet an\u00ebtare pritet t\u00eb diskutojn\u00eb para samitit t\u00eb Zagrebit, n\u00eb maj t\u00eb vitit t\u00eb ardhsh\u00ebm, por pa p\u00ebrcaktuar asgj\u00eb t\u00eb qart\u00eb.<img decoding=\"async\" class=\"fr-fic fr-dib\" src=\"https:\/\/www.oranews.tv\/storage\/app\/media\/home\/ora\/public_html\/storage\/app\/media\/2019\/10\/18\/DASH.jpg\" data-result=\"success\" \/><\/p>\n<p>&nbsp;<\/p>\n<p>&nbsp;<\/p>\n","protected":false},"excerpt":{"rendered":"<p>Moshapja e bisedimeve m\u00eb Shqip\u00ebrin\u00eb dhe Maqedonin\u00eb e Veriut ka sjell\u00eb edhe reagimin e Departamentit Amerikan t\u00eb Shtetit. N\u00eb nj\u00eb deklarat\u00eb p\u00ebr mediat, DASH thot\u00eb se SHBA \u00ebsht\u00eb e zhg\u00ebnjyer q\u00eb K\u00ebshilli i Europ\u00ebs nuk pranoi t\u00eb hap\u00eb negociatat e pranimit me Maqedonin\u00eb Veriore dhe Shqip\u00ebrin\u00eb n\u00eb samitin dy ditor. DASH thekson se ShBA p\u00ebrkrah [&hellip;]<\/p>\n","protected":false},"author":2013,"featured_media":95695,"comment_status":"open","ping_status":"closed","sticky":false,"template":"","format":"standard","meta":{"footnotes":""},"categories":[241,235],"tags":[],"class_list":{"0":"post-111077","1":"post","2":"type-post","3":"status-publish","4":"format-standard","5":"has-post-thumbnail","7":"category-aktualitet","8":"category-vendi"},"_links":{"self":[{"href":"https:\/\/zjarr.tv\/sq\/wp-json\/wp\/v2\/posts\/111077","targetHints":{"allow":["GET"]}}],"collection":[{"href":"https:\/\/zjarr.tv\/sq\/wp-json\/wp\/v2\/posts"}],"about":[{"href":"https:\/\/zjarr.tv\/sq\/wp-json\/wp\/v2\/types\/post"}],"author":[{"embeddable":true,"href":"https:\/\/zjarr.tv\/sq\/wp-json\/wp\/v2\/users\/2013"}],"replies":[{"embeddable":true,"href":"https:\/\/zjarr.tv\/sq\/wp-json\/wp\/v2\/comments?post=111077"}],"version-history":[{"count":0,"href":"https:\/\/zjarr.tv\/sq\/wp-json\/wp\/v2\/posts\/111077\/revisions"}],"wp:featuredmedia":[{"embeddable":true,"href":"https:\/\/zjarr.tv\/sq\/wp-json\/wp\/v2\/media\/95695"}],"wp:attachment":[{"href":"https:\/\/zjarr.tv\/sq\/wp-json\/wp\/v2\/media?parent=111077"}],"wp:term":[{"taxonomy":"category","embeddable":true,"href":"https:\/\/zjarr.tv\/sq\/wp-json\/wp\/v2\/categories?post=111077"},{"taxonomy":"post_tag","embeddable":true,"href":"https:\/\/zjarr.tv\/sq\/wp-json\/wp\/v2\/tags?post=111077"}],"curies":[{"name":"wp","href":"https:\/\/api.w.org\/{rel}","templated":true}]}}