{"id":111084,"date":"2019-10-19T16:08:59","date_gmt":"2019-10-19T14:08:59","guid":{"rendered":"https:\/\/zjarr.tv\/?p=111084"},"modified":"2019-10-19T16:08:59","modified_gmt":"2019-10-19T14:08:59","slug":"partia-gjermane-si-mund-ti-hapen-negociatat-nje-vendi-qe-nuk-ka-gjykate-kushtetuese","status":"publish","type":"post","link":"https:\/\/zjarr.tv\/sq\/partia-gjermane-si-mund-ti-hapen-negociatat-nje-vendi-qe-nuk-ka-gjykate-kushtetuese\/","title":{"rendered":"Partia gjermane: Si mund ti hapen negociatat nj\u00eb vendi q\u00eb nuk ka Gjykat\u00eb Kushtetuese!"},"content":{"rendered":"<p>P\u00ebr disa lider\u00eb t\u00eb Bashkimit Europian, mos\u00e7elja e negociatave p\u00ebr Shqip\u00ebrin\u00eb dhe Maqedonin\u00eb e Veriut ishte nj\u00eb gabim historik.<\/p>\n<p>Por vendimi \u00ebsht\u00eb mir\u00ebpritur nga forcat e ekstremit t\u00eb djatht\u00eb n\u00eb disa prej vendeve an\u00ebtare, mes<\/p>\n<p>&#8220;Alternativa p\u00ebr Gjermanin\u00eb&#8221; shprehet n\u00eb reagimin e saj se, politikan\u00ebt dhe qytetar\u00ebt e dy vendeve jan\u00eb p\u00ebrgjegj\u00ebs p\u00ebr refuzimin p\u00ebr t\u00eb disat\u00ebn her\u00eb.<\/p>\n<p>&#8220;Edhe prezenca personale e kryeministrit shqiptar Edi Rama n\u00eb Berlin nuk i justifikon dot dyshimet e arsyeshme q\u00eb kemi. Sa koh\u00eb q\u00eb vendi, nd\u00ebr t\u00eb tjera, nuk ka nj\u00eb Gjykat\u00eb Kushtetuese funksionale, nuk ka p\u00ebr t\u00eb pasur negociata. An\u00ebtar\u00ebsimi n\u00eb BE nuk \u00ebsht\u00eb dhurat\u00eb krishtlindjesh,&#8221; deklaroi AFD-ja n\u00ebp\u00ebrmjet deputetit t\u00eb Bundestagut, Siegbert Droese.<\/p>\n<p>N\u00eb Franc\u00eb, partia e Marin Le Pen, mb\u00ebshteti veton e presidentit Emmanuel Macron p\u00ebr hapjen e negociatave.<\/p>\n<p>Nj\u00ebsoj si homolog\u00ebt gjerman\u00eb, europarlamentarja Helene Laporte p\u00ebrsh\u00ebndeti q\u00ebndrimin e Parisit, Holand\u00ebs, Danimark\u00ebs dhe Spanj\u00ebs, nd\u00ebrsa e cil\u00ebsoi fantazi pozicionin e Berlinit dhe Brukselit p\u00ebr negociatat.<\/p>\n<p>Kryeministrja daneze, Mette Frederiksen, gjithashtu p\u00ebrs\u00ebriti rezervat p\u00ebr negociatat me Shqip\u00ebrin\u00eb, duke th\u00ebn\u00eb se vendi duhet t\u00eb adresoj\u00eb shqet\u00ebsimet e vendeve an\u00ebtare deri n\u00eb vendimmarrjen tjet\u00ebr.<\/p>\n","protected":false},"excerpt":{"rendered":"<p>P\u00ebr disa lider\u00eb t\u00eb Bashkimit Europian, mos\u00e7elja e negociatave p\u00ebr Shqip\u00ebrin\u00eb dhe Maqedonin\u00eb e Veriut ishte nj\u00eb gabim historik. Por vendimi \u00ebsht\u00eb mir\u00ebpritur nga forcat e ekstremit t\u00eb djatht\u00eb n\u00eb disa prej vendeve an\u00ebtare, mes &#8220;Alternativa p\u00ebr Gjermanin\u00eb&#8221; shprehet n\u00eb reagimin e saj se, politikan\u00ebt dhe qytetar\u00ebt e dy vendeve jan\u00eb p\u00ebrgjegj\u00ebs p\u00ebr refuzimin p\u00ebr [&hellip;]<\/p>\n","protected":false},"author":2013,"featured_media":89233,"comment_status":"open","ping_status":"closed","sticky":false,"template":"","format":"standard","meta":{"footnotes":""},"categories":[241,235],"tags":[],"class_list":{"0":"post-111084","1":"post","2":"type-post","3":"status-publish","4":"format-standard","5":"has-post-thumbnail","7":"category-aktualitet","8":"category-vendi"},"_links":{"self":[{"href":"https:\/\/zjarr.tv\/sq\/wp-json\/wp\/v2\/posts\/111084","targetHints":{"allow":["GET"]}}],"collection":[{"href":"https:\/\/zjarr.tv\/sq\/wp-json\/wp\/v2\/posts"}],"about":[{"href":"https:\/\/zjarr.tv\/sq\/wp-json\/wp\/v2\/types\/post"}],"author":[{"embeddable":true,"href":"https:\/\/zjarr.tv\/sq\/wp-json\/wp\/v2\/users\/2013"}],"replies":[{"embeddable":true,"href":"https:\/\/zjarr.tv\/sq\/wp-json\/wp\/v2\/comments?post=111084"}],"version-history":[{"count":0,"href":"https:\/\/zjarr.tv\/sq\/wp-json\/wp\/v2\/posts\/111084\/revisions"}],"wp:featuredmedia":[{"embeddable":true,"href":"https:\/\/zjarr.tv\/sq\/wp-json\/wp\/v2\/media\/89233"}],"wp:attachment":[{"href":"https:\/\/zjarr.tv\/sq\/wp-json\/wp\/v2\/media?parent=111084"}],"wp:term":[{"taxonomy":"category","embeddable":true,"href":"https:\/\/zjarr.tv\/sq\/wp-json\/wp\/v2\/categories?post=111084"},{"taxonomy":"post_tag","embeddable":true,"href":"https:\/\/zjarr.tv\/sq\/wp-json\/wp\/v2\/tags?post=111084"}],"curies":[{"name":"wp","href":"https:\/\/api.w.org\/{rel}","templated":true}]}}