{"id":111091,"date":"2019-10-20T13:15:44","date_gmt":"2019-10-20T11:15:44","guid":{"rendered":"https:\/\/zjarr.tv\/?p=111091"},"modified":"2019-10-20T13:15:44","modified_gmt":"2019-10-20T11:15:44","slug":"vasili-shperthen-ndaj-rames-e-cakajt-ikni-se-ju-doli-boja-boll-u-hoqet-zvarre-si-zvarranike","status":"publish","type":"post","link":"https:\/\/zjarr.tv\/sq\/vasili-shperthen-ndaj-rames-e-cakajt-ikni-se-ju-doli-boja-boll-u-hoqet-zvarre-si-zvarranike\/","title":{"rendered":"Vasili shp\u00ebrthen ndaj Ram\u00ebs e Cakajt: Ikni se ju doli boja, boll u hoq\u00ebt zvarr\u00eb si zvarranik\u00eb"},"content":{"rendered":"<p>Pas konferenc\u00ebs s\u00eb sotme p\u00ebr shtyp t\u00eb ministrit t\u00eb jasht\u00ebm Gent Cakaj, i cili deklaroi se si ai, ashtu edhe kryeministri Edi Rama nuk kishin premtuar hapje t\u00eb negociatave, ndaj dhe nuk dor\u00ebhiqen si kryeministri i Maqedonis\u00eb s\u00eb Veriut, Zoran Zaev, vjen reagimi i n\u00ebnkryetarit t\u00eb LSI, Petrit Vasili.<\/p>\n<p>P\u00ebrmes nj\u00eb postimi n\u00eb Facebook, ku shfaq edhe nj\u00eb video t\u00eb kreut t\u00eb qeveris\u00eb, Vasili shprehet nd\u00ebr t\u00eb tjera: &#8220;ikni o t\u00eb paturp\u00eb, o karaktere mizerab\u00ebl, boll u hoq\u00ebt zvarr\u00eb si zvarranik\u00eb&#8221;.<\/p>\n<p><strong>Postimi i plot\u00eb i Petrit Vasilit:<\/strong><\/p>\n<p>Shiheni kete VIDEO dhe IKNI o te paturpe, se ju doli boja krye krejt !!<\/p>\n<p>Ky derdimeni i ministrise jashtme tha nuk i ka premtuar Rama negociatat,ndaj nuk dorehiqet.<\/p>\n<p>Ja cfare tha ky Cakaj:<\/p>\n<p>&#8220;Un\u00eb nuk di q\u00eb un\u00eb apo kryeministri kemi premtuar ndonj\u00ebher\u00eb se negociatat do t\u00eb hapen. Ne kemi th\u00ebn\u00eb se zotohemi se do b\u00ebjm\u00eb p\u00ebrpjekje, por nuk jemi zotuar se do t\u00eb hapen se s\u2019b\u00ebn.\u201d, tha Caka.<\/p>\n<p>Shiheni VIDEON dhe ikni o te paturp\u00eb,o karaktere mizerabel boll u hoqet zvarre si zvarranike.<\/p>\n","protected":false},"excerpt":{"rendered":"<p>Pas konferenc\u00ebs s\u00eb sotme p\u00ebr shtyp t\u00eb ministrit t\u00eb jasht\u00ebm Gent Cakaj, i cili deklaroi se si ai, ashtu edhe kryeministri Edi Rama nuk kishin premtuar hapje t\u00eb negociatave, ndaj dhe nuk dor\u00ebhiqen si kryeministri i Maqedonis\u00eb s\u00eb Veriut, Zoran Zaev, vjen reagimi i n\u00ebnkryetarit t\u00eb LSI, Petrit Vasili. P\u00ebrmes nj\u00eb postimi n\u00eb Facebook, ku [&hellip;]<\/p>\n","protected":false},"author":2013,"featured_media":70162,"comment_status":"open","ping_status":"closed","sticky":false,"template":"","format":"standard","meta":{"footnotes":""},"categories":[241,235],"tags":[],"class_list":{"0":"post-111091","1":"post","2":"type-post","3":"status-publish","4":"format-standard","5":"has-post-thumbnail","7":"category-aktualitet","8":"category-vendi"},"_links":{"self":[{"href":"https:\/\/zjarr.tv\/sq\/wp-json\/wp\/v2\/posts\/111091","targetHints":{"allow":["GET"]}}],"collection":[{"href":"https:\/\/zjarr.tv\/sq\/wp-json\/wp\/v2\/posts"}],"about":[{"href":"https:\/\/zjarr.tv\/sq\/wp-json\/wp\/v2\/types\/post"}],"author":[{"embeddable":true,"href":"https:\/\/zjarr.tv\/sq\/wp-json\/wp\/v2\/users\/2013"}],"replies":[{"embeddable":true,"href":"https:\/\/zjarr.tv\/sq\/wp-json\/wp\/v2\/comments?post=111091"}],"version-history":[{"count":0,"href":"https:\/\/zjarr.tv\/sq\/wp-json\/wp\/v2\/posts\/111091\/revisions"}],"wp:featuredmedia":[{"embeddable":true,"href":"https:\/\/zjarr.tv\/sq\/wp-json\/wp\/v2\/media\/70162"}],"wp:attachment":[{"href":"https:\/\/zjarr.tv\/sq\/wp-json\/wp\/v2\/media?parent=111091"}],"wp:term":[{"taxonomy":"category","embeddable":true,"href":"https:\/\/zjarr.tv\/sq\/wp-json\/wp\/v2\/categories?post=111091"},{"taxonomy":"post_tag","embeddable":true,"href":"https:\/\/zjarr.tv\/sq\/wp-json\/wp\/v2\/tags?post=111091"}],"curies":[{"name":"wp","href":"https:\/\/api.w.org\/{rel}","templated":true}]}}