{"id":111093,"date":"2019-10-20T13:16:28","date_gmt":"2019-10-20T11:16:28","guid":{"rendered":"https:\/\/zjarr.tv\/?p=111093"},"modified":"2019-10-20T13:16:28","modified_gmt":"2019-10-20T11:16:28","slug":"aksidenti-i-frikshem-ne-tunelin-e-kerrabes-viktima-vellai-i-deputetes-se-ps","status":"publish","type":"post","link":"https:\/\/zjarr.tv\/sq\/aksidenti-i-frikshem-ne-tunelin-e-kerrabes-viktima-vellai-i-deputetes-se-ps\/","title":{"rendered":"Aksidenti i friksh\u00ebm n\u00eb tunelin e k\u00ebrrab\u00ebs, viktima v\u00ebllai i deputetes s\u00eb PS"},"content":{"rendered":"<p>Nj\u00eb person ka humbur jet\u00ebn si pasoj\u00eb e nj\u00eb aksidenti t\u00eb r\u00ebnd\u00eb. Ngjarja ka ndodhur n\u00eb autostrad\u00ebn Tiran\u00eb-Elbasan, n\u00eb dalje t\u00eb tunelit t\u00eb Krrab\u00ebs.<\/p>\n<p>Sipas informacioneve t\u00eb para shkak i aksidentit \u00ebsht\u00eb parakalimi i gabuar i nj\u00eb prej automjeteve.<\/p>\n<p>Eshte identifikura viktima. Ai \u00ebsht\u00eb 42 vje\u00e7ari Elton Ma\u00e7olli.<\/p>\n<p>M\u00ebsohet se ai \u00ebsht\u00eb 42-vje\u00e7ari Elton Ma\u00e7olli, 42 vje\u00e7, v\u00ebllai i deputetes s\u00eb PS-s\u00eb Blerina Gjylameti.\u00a0Ma\u00e7olli me grad\u00ebn n\u00ebnoficer, ishte rreshter n\u00eb Fark\u00eb,\u00a0kur punonte si vin\u00e7ier bordi helikopteri n\u00eb baz\u00ebn ajrore.<\/p>\n<p>U raportua se n\u00eb aksident \u00ebsht\u00eb p\u00ebrfshir\u00eb nj\u00eb makin\u00eb Fiat me targa 209 AR dhe nj\u00eb kamion.<\/p>\n<p>Makina ka qen\u00eb me impiant gazi dhe si pasoj\u00eb pas aksidentit \u00ebsht\u00eb p\u00ebrfshir\u00eb nga flak\u00ebt.<\/p>\n","protected":false},"excerpt":{"rendered":"<p>Nj\u00eb person ka humbur jet\u00ebn si pasoj\u00eb e nj\u00eb aksidenti t\u00eb r\u00ebnd\u00eb. Ngjarja ka ndodhur n\u00eb autostrad\u00ebn Tiran\u00eb-Elbasan, n\u00eb dalje t\u00eb tunelit t\u00eb Krrab\u00ebs. Sipas informacioneve t\u00eb para shkak i aksidentit \u00ebsht\u00eb parakalimi i gabuar i nj\u00eb prej automjeteve. Eshte identifikura viktima. Ai \u00ebsht\u00eb 42 vje\u00e7ari Elton Ma\u00e7olli. M\u00ebsohet se ai \u00ebsht\u00eb 42-vje\u00e7ari Elton Ma\u00e7olli, [&hellip;]<\/p>\n","protected":false},"author":2013,"featured_media":111094,"comment_status":"open","ping_status":"closed","sticky":false,"template":"","format":"standard","meta":{"footnotes":""},"categories":[241,235],"tags":[],"class_list":{"0":"post-111093","1":"post","2":"type-post","3":"status-publish","4":"format-standard","5":"has-post-thumbnail","7":"category-aktualitet","8":"category-vendi"},"_links":{"self":[{"href":"https:\/\/zjarr.tv\/sq\/wp-json\/wp\/v2\/posts\/111093","targetHints":{"allow":["GET"]}}],"collection":[{"href":"https:\/\/zjarr.tv\/sq\/wp-json\/wp\/v2\/posts"}],"about":[{"href":"https:\/\/zjarr.tv\/sq\/wp-json\/wp\/v2\/types\/post"}],"author":[{"embeddable":true,"href":"https:\/\/zjarr.tv\/sq\/wp-json\/wp\/v2\/users\/2013"}],"replies":[{"embeddable":true,"href":"https:\/\/zjarr.tv\/sq\/wp-json\/wp\/v2\/comments?post=111093"}],"version-history":[{"count":0,"href":"https:\/\/zjarr.tv\/sq\/wp-json\/wp\/v2\/posts\/111093\/revisions"}],"wp:featuredmedia":[{"embeddable":true,"href":"https:\/\/zjarr.tv\/sq\/wp-json\/wp\/v2\/media\/111094"}],"wp:attachment":[{"href":"https:\/\/zjarr.tv\/sq\/wp-json\/wp\/v2\/media?parent=111093"}],"wp:term":[{"taxonomy":"category","embeddable":true,"href":"https:\/\/zjarr.tv\/sq\/wp-json\/wp\/v2\/categories?post=111093"},{"taxonomy":"post_tag","embeddable":true,"href":"https:\/\/zjarr.tv\/sq\/wp-json\/wp\/v2\/tags?post=111093"}],"curies":[{"name":"wp","href":"https:\/\/api.w.org\/{rel}","templated":true}]}}