{"id":111104,"date":"2019-10-20T13:22:14","date_gmt":"2019-10-20T11:22:14","guid":{"rendered":"https:\/\/zjarr.tv\/?p=111104"},"modified":"2019-10-20T13:22:14","modified_gmt":"2019-10-20T11:22:14","slug":"vale-masive-kthimesh-ne-kakavije-dhjetra-qytetareve-iu-refuzohet-kalimi-nga-pala-greke","status":"publish","type":"post","link":"https:\/\/zjarr.tv\/sq\/vale-masive-kthimesh-ne-kakavije-dhjetra-qytetareve-iu-refuzohet-kalimi-nga-pala-greke\/","title":{"rendered":"Val\u00eb masive kthimesh n\u00eb Kakavij\u00eb, dhjetra qytetar\u00ebve iu refuzohet kalimi nga pala greke"},"content":{"rendered":"<p>20 shtetasve shqiptar\u00eb u \u00ebsht\u00eb refuzuar hyrja nga pala greke n\u00eb kufi p\u00ebr n\u00eb shtetin grek, nd\u00ebrsa dy persona jan\u00eb kthyer nga pala shqiptare.<\/p>\n<p>Kjo val\u00eb masive kthimesh ka ndodhur n\u00eb 24 or\u00ebt e fundit n\u00eb pik\u00ebn e kalimit kufitar t\u00eb Kakavij\u00ebs.<\/p>\n<p>Shkak p\u00ebr k\u00ebt\u00eb \u00ebsht\u00eb b\u00ebr\u00eb se pjesa m\u00eb e madhe e tyre nuk kan\u00eb pasur para si garanci me vete, nd\u00ebrsa nj\u00eb pjes\u00eb tjet\u00ebr kan\u00eb kaluar koh\u00ebn prej 6 muajsh n\u00eb vendet e Shengenit.<\/p>\n<p>Tashm\u00eb \u00ebsht\u00eb periudha, kur nj\u00eb num\u00ebr shum\u00eb i madh shqiptar\u00ebsh zgjedhin pun\u00ebsimin sezonal n\u00eb Greqi, pavar\u00ebsisht se puna e tyre kryhet n\u00eb t\u00eb zez\u00eb.<\/p>\n","protected":false},"excerpt":{"rendered":"<p>20 shtetasve shqiptar\u00eb u \u00ebsht\u00eb refuzuar hyrja nga pala greke n\u00eb kufi p\u00ebr n\u00eb shtetin grek, nd\u00ebrsa dy persona jan\u00eb kthyer nga pala shqiptare. Kjo val\u00eb masive kthimesh ka ndodhur n\u00eb 24 or\u00ebt e fundit n\u00eb pik\u00ebn e kalimit kufitar t\u00eb Kakavij\u00ebs. Shkak p\u00ebr k\u00ebt\u00eb \u00ebsht\u00eb b\u00ebr\u00eb se pjesa m\u00eb e madhe e tyre nuk [&hellip;]<\/p>\n","protected":false},"author":2013,"featured_media":111105,"comment_status":"open","ping_status":"closed","sticky":false,"template":"","format":"standard","meta":{"footnotes":""},"categories":[241,235],"tags":[],"class_list":{"0":"post-111104","1":"post","2":"type-post","3":"status-publish","4":"format-standard","5":"has-post-thumbnail","7":"category-aktualitet","8":"category-vendi"},"_links":{"self":[{"href":"https:\/\/zjarr.tv\/sq\/wp-json\/wp\/v2\/posts\/111104","targetHints":{"allow":["GET"]}}],"collection":[{"href":"https:\/\/zjarr.tv\/sq\/wp-json\/wp\/v2\/posts"}],"about":[{"href":"https:\/\/zjarr.tv\/sq\/wp-json\/wp\/v2\/types\/post"}],"author":[{"embeddable":true,"href":"https:\/\/zjarr.tv\/sq\/wp-json\/wp\/v2\/users\/2013"}],"replies":[{"embeddable":true,"href":"https:\/\/zjarr.tv\/sq\/wp-json\/wp\/v2\/comments?post=111104"}],"version-history":[{"count":0,"href":"https:\/\/zjarr.tv\/sq\/wp-json\/wp\/v2\/posts\/111104\/revisions"}],"wp:featuredmedia":[{"embeddable":true,"href":"https:\/\/zjarr.tv\/sq\/wp-json\/wp\/v2\/media\/111105"}],"wp:attachment":[{"href":"https:\/\/zjarr.tv\/sq\/wp-json\/wp\/v2\/media?parent=111104"}],"wp:term":[{"taxonomy":"category","embeddable":true,"href":"https:\/\/zjarr.tv\/sq\/wp-json\/wp\/v2\/categories?post=111104"},{"taxonomy":"post_tag","embeddable":true,"href":"https:\/\/zjarr.tv\/sq\/wp-json\/wp\/v2\/tags?post=111104"}],"curies":[{"name":"wp","href":"https:\/\/api.w.org\/{rel}","templated":true}]}}