{"id":111121,"date":"2019-10-20T13:56:51","date_gmt":"2019-10-20T11:56:51","guid":{"rendered":"https:\/\/zjarr.tv\/?p=111121"},"modified":"2019-10-20T13:56:51","modified_gmt":"2019-10-20T11:56:51","slug":"taulant-balla-mbledh-deputetet-e-maqedonise-se-veriut-dhe-shqiperise-ne-pogradec","status":"publish","type":"post","link":"https:\/\/zjarr.tv\/sq\/taulant-balla-mbledh-deputetet-e-maqedonise-se-veriut-dhe-shqiperise-ne-pogradec\/","title":{"rendered":"Taulant Balla mbledh deputet\u00ebt e Maqedonis\u00eb s\u00eb Veriut dhe Shqip\u00ebris\u00eb n\u00eb Pogradec"},"content":{"rendered":"<p>Kryetari i Grupit Parlamentar t\u00eb Partis\u00eb Socialiste, Taulant Balla mori pjes\u00eb n\u00eb seminarin e organizuar nga OSBE\/ODIHR \u201cDrejt parlamenteve me ndjeshm\u00ebri gjinore n\u00eb Shqip\u00ebri dhe n\u00eb Maqedonin\u00eb e Veriut\u201d. Seminari dypal\u00ebsh me pjes\u00ebmarrjen e mbi 60 deputet\u00ebve dhe personelit t\u00eb parlamenteve t\u00eb t\u00eb dyja vendeve u zhvillua n\u00eb qytetin e Pogradecit.<\/p>\n<p>Nisur nga situata kur Shqip\u00ebria dhe Maqedonia e Veriut nuk pat\u00ebn nj\u00eb p\u00ebrgjigje pozitive nga K\u00ebshilli i Europ\u00ebs, Balla u shpreh se t\u00eb dy vendet e meritonin plot\u00ebsisht dhe duhet t\u00eb mos humbin aspak koh\u00eb por t\u00eb vazhdojn\u00eb me reformat e nisura.<\/p>\n<p>\u201cKam besimin se deri n\u00eb samitin e Zagrebit, do t\u00eb ket\u00eb reflektim dhe t\u00eb dy vendet do t\u00eb nisin procesin e bisedimeve p\u00ebr an\u00ebtar\u00ebsim. Vendimi i K\u00ebshillit Europian, apo mosvendimi p\u00ebr t\u00eb q\u00ebn\u00eb korrekt, p\u00ebr Shqip\u00ebrin\u00eb dhe Maqedonin\u00eb e Veriut nuk mori parasysh aspak progresin me reformat kryesore t\u00eb b\u00ebra nga t\u00eb dyja vendet gjat\u00eb viteve t\u00eb fundit. Por ne gjith\u00ebsesi duhet t\u00eb vazhdojm\u00eb reformat e nd\u00ebrmarra.<br \/>\nDua ta n\u00ebnvizoj se Shqip\u00ebria dhe Maqedonia e Veriut duhet t\u2019i jen\u00eb mir\u00ebnjoh\u00ebs Gjermanis\u00eb dhe Kancelares Merkel, p\u00ebr at\u00eb q\u00eb udh\u00ebhoqi n\u00eb K\u00ebshill, sepse Gjermania bashk\u00eb me 24 vende t\u00eb tjera q\u00eb ishin PRO fillimit t\u00eb bisedimeve p\u00ebr an\u00ebtar\u00ebsim.<br \/>\nDuke qen\u00eb se k\u00ebtu jemi s\u00ebbashku me an\u00ebtar\u00eb t\u00eb Parlamentit t\u00eb Maqedonis\u00eb s\u00eb Veriut, dua t\u2019ju them se t\u00eb dy vendet tona jo vetem e kemi anetaresimin n\u00eb BE si aspirat\u00eb, por procesi i anetaresimit na ndihmon te permiresohemi si instrument.<br \/>\nUn\u00eb kam studiuar n\u00eb Rumani, kur Rumania diskutonte an\u00ebtar\u00ebsimin. Ata kaluan shum\u00eb m\u00eb leht\u00eb p\u00ebrgjat\u00eb k\u00ebtij procesi dhe tani na k\u00ebrkojn\u00eb shum\u00eb m\u00eb shum\u00eb.<\/p>\n<p>Por un\u00eb besoj se do t\u00eb ket\u00eb reflektim dhe se deri n\u00eb Samitin e Zagrebit p\u00ebr Vendet e Ballkanit Per\u00ebndimor n\u00eb Maj 2020, me siguri Shqip\u00ebria dhe Maqedonia e Veriut do t\u00eb nisim bisedimet p\u00ebr an\u00ebtar\u00ebsim\u201d, deklaroi Balla.<\/p>\n<p>Duke vler\u00ebsuar vendimin e Bundestagut gjerman dhe detyrat e l\u00ebna Balla n\u00ebnvizoi si nj\u00eb \u00e7\u00ebshtje t\u00eb r\u00ebnd\u00ebsishme ndryshimet n\u00eb Kodin Zgjedhor.<br \/>\n\u201cBrenda dhjetorit t\u00eb k\u00ebtij viti ne do t\u00eb kemi miratuar ndryshimet n\u00eb Kodin Zgjedhor. Meq\u00ebn\u00ebse n\u00eb k\u00ebt\u00eb tryez\u00eb ka p\u00ebrfaq\u00ebsues t\u00eb shumic\u00ebs por edhe t\u00eb opozit\u00ebs parlamentare, un\u00eb dua t\u00eb shpreh nevoj\u00ebn q\u00eb Shqip\u00ebria, brenda dhjetorit t\u00eb miratoj\u00eb ndryshimet n\u00eb Kodin Zgjedhor.<br \/>\nK\u00ebto jan\u00eb pjes\u00eb edhe e detyrave t\u00eb p\u00ebrcaktuara edhe nga Bundestagu, sepse nuk ka nj\u00eb matric\u00eb m\u00eb t\u00eb mir\u00eb t\u00eb vler\u00ebsimit t\u00eb progresit t\u00eb Shqip\u00ebris\u00eb n\u00eb rrug\u00ebn e hapjes s\u00eb negociatave, se sa vendimi i Bundestagut gjerman.<br \/>\nApeli im, edhe p\u00ebr grupimet e tjera politike, t\u00eb p\u00ebrfaq\u00ebsuara n\u00eb Kuvendin e Shqip\u00ebris\u00eb, \u00ebsht\u00eb q\u00eb, p\u00ebrtej interesave politike q\u00eb mund t\u00eb kemi, adresimi i nevojave t\u00eb ndryshimit t\u00eb Kod Zgjedhor t\u00eb rekomandimeve t\u00eb ODIHR-it duhet t\u00eb jet\u00eb i menj\u00ebhersh\u00ebm.<br \/>\nBesoj q\u00eb Krishtlindjet e 2019 dhe marrja e presidenc\u00ebs s\u00eb OSBE-s\u00eb nga ana e Shqip\u00ebris\u00eb, do t\u00eb na gjejn\u00eb me ndryshime t\u00eb miratuara n\u00eb Parlamant.\u201d, shtoi Balla.<\/p>\n<p>Duke u ndalur n\u00eb tem\u00ebn e takimit, Balla vuri n\u00eb dukje p\u00ebrmir\u00ebsimet e ndjeshme q\u00eb ka marr\u00eb gruaja n\u00eb institucionet publike dhe qeverisjes vendore n\u00eb Shqip\u00ebri.<\/p>\n","protected":false},"excerpt":{"rendered":"<p>Kryetari i Grupit Parlamentar t\u00eb Partis\u00eb Socialiste, Taulant Balla mori pjes\u00eb n\u00eb seminarin e organizuar nga OSBE\/ODIHR \u201cDrejt parlamenteve me ndjeshm\u00ebri gjinore n\u00eb Shqip\u00ebri dhe n\u00eb Maqedonin\u00eb e Veriut\u201d. Seminari dypal\u00ebsh me pjes\u00ebmarrjen e mbi 60 deputet\u00ebve dhe personelit t\u00eb parlamenteve t\u00eb t\u00eb dyja vendeve u zhvillua n\u00eb qytetin e Pogradecit. Nisur nga situata kur [&hellip;]<\/p>\n","protected":false},"author":2013,"featured_media":111122,"comment_status":"open","ping_status":"closed","sticky":false,"template":"","format":"standard","meta":{"footnotes":""},"categories":[241,235],"tags":[],"class_list":{"0":"post-111121","1":"post","2":"type-post","3":"status-publish","4":"format-standard","5":"has-post-thumbnail","7":"category-aktualitet","8":"category-vendi"},"_links":{"self":[{"href":"https:\/\/zjarr.tv\/sq\/wp-json\/wp\/v2\/posts\/111121","targetHints":{"allow":["GET"]}}],"collection":[{"href":"https:\/\/zjarr.tv\/sq\/wp-json\/wp\/v2\/posts"}],"about":[{"href":"https:\/\/zjarr.tv\/sq\/wp-json\/wp\/v2\/types\/post"}],"author":[{"embeddable":true,"href":"https:\/\/zjarr.tv\/sq\/wp-json\/wp\/v2\/users\/2013"}],"replies":[{"embeddable":true,"href":"https:\/\/zjarr.tv\/sq\/wp-json\/wp\/v2\/comments?post=111121"}],"version-history":[{"count":0,"href":"https:\/\/zjarr.tv\/sq\/wp-json\/wp\/v2\/posts\/111121\/revisions"}],"wp:featuredmedia":[{"embeddable":true,"href":"https:\/\/zjarr.tv\/sq\/wp-json\/wp\/v2\/media\/111122"}],"wp:attachment":[{"href":"https:\/\/zjarr.tv\/sq\/wp-json\/wp\/v2\/media?parent=111121"}],"wp:term":[{"taxonomy":"category","embeddable":true,"href":"https:\/\/zjarr.tv\/sq\/wp-json\/wp\/v2\/categories?post=111121"},{"taxonomy":"post_tag","embeddable":true,"href":"https:\/\/zjarr.tv\/sq\/wp-json\/wp\/v2\/tags?post=111121"}],"curies":[{"name":"wp","href":"https:\/\/api.w.org\/{rel}","templated":true}]}}