{"id":111124,"date":"2019-10-20T13:57:34","date_gmt":"2019-10-20T11:57:34","guid":{"rendered":"https:\/\/zjarr.tv\/?p=111124"},"modified":"2019-10-20T13:57:34","modified_gmt":"2019-10-20T11:57:34","slug":"djali-i-soros-akuzon-per-racizem-ndaj-shqiptareve-europa-duhet-te-perballet-me-albanofobine-e-saj","status":"publish","type":"post","link":"https:\/\/zjarr.tv\/sq\/djali-i-soros-akuzon-per-racizem-ndaj-shqiptareve-europa-duhet-te-perballet-me-albanofobine-e-saj\/","title":{"rendered":"Djali i Soros akuzon p\u00ebr raciz\u00ebm ndaj shqiptar\u00ebve: Europa duhet t\u00eb p\u00ebrballet me albanofobin\u00eb e saj"},"content":{"rendered":"<p>Alexander Soros, djali i filantropisit t\u00eb njohur, themeluesit t\u00eb Fondacionit p\u00ebr Shoq\u00ebrin\u00eb e Hapur George Soros e shikon racizmin si shkak p\u00ebr refuzimin e Shqip\u00ebris\u00eb p\u00ebr hapjen e negociatave t\u00eb pranimit me BE. N\u00eb nj\u00eb mesazh n\u00eb \u201cTwitter\u201d ku shp\u00ebrndan q\u00ebndrimin e komisionerit Johannes Hahn, Alexander Soros shkruan se shqiptar\u00ebt po paragjykohen dhe se Europa duhet t\u00eb p\u00ebrballet me albanofobin\u00eb brenda saj.<\/p>\n<p>\u201cEkziston nj\u00eb paragjykim dhe fanatiz\u00ebm ndaj shqiptar\u00ebve etnik\u00eb n\u00eb Evrop\u00ebn Per\u00ebndimore, i cili nuk duhet t\u00eb n\u00ebnvler\u00ebsohet n\u00eb refuzimin e Shqip\u00ebris\u00eb dhe t\u00eb Maqedonis\u00eb n\u00eb k\u00ebshill. Europa duhet t\u00eb p\u00ebrballet me Albanofobin\u00eb e saj!\u201d, shkruan Alexander Soros.<\/p>\n<p>Ngurrimi i Bashkimit Evropian p\u00ebr t\u00eb filluar bisedimet e an\u00ebtar\u00ebsimit me Shqip\u00ebrin\u00eb dhe Maqedonin\u00eb e Veriut \u00ebsht\u00eb kritikuar nga shum\u00eb lider\u00eb europian\u00eb. Pas \u201cJo\u201d-s\u00eb nga K\u00ebshilli Europian, n\u00eb Maqedonin\u00eb e Veriut, pritet t\u00eb mbahen zgjedhje t\u00eb reja.<\/p>\n<p>Nd\u00ebrkoh\u00eb n\u00eb Shqip\u00ebri, opozita b\u00ebn p\u00ebrgjegj\u00ebse qeverin\u00eb p\u00ebr refuzimin n\u00eb Bruksel, kurse qeveria ka akuzuar opozit\u00ebn p\u00ebr d\u00ebmtimin e imazhit t\u00eb Shqip\u00ebris\u00eb dhe i sheh shkaqet e refuzimit tek problemet brenda vet\u00eb BE-s\u00eb q\u00eb k\u00ebrkon reformim.<\/p>\n<p>Kryeministri Edi Rama ka th\u00ebn\u00eb se arsyeja e vendimit nuk ka t\u00eb b\u00ebj\u00eb fare me Ballkanin po me situat\u00ebn brenda BE-s\u00eb.<\/p>\n<figure id=\"attachment_1151947\" class=\"wp-caption alignnone\"><a href=\"https:\/\/balkanweb.com\/wp-content\/uploads\/2019\/10\/Alexander-Soros-tw.png\" rel=\"lightbox\"><img loading=\"lazy\" decoding=\"async\" class=\"size-full wp-image-1151947\" src=\"https:\/\/balkanweb.com\/wp-content\/uploads\/2019\/10\/Alexander-Soros-tw.png\" sizes=\"auto, (max-width: 631px) 100vw, 631px\" srcset=\"https:\/\/balkanweb.com\/wp-content\/uploads\/2019\/10\/Alexander-Soros-tw.png 631w, https:\/\/balkanweb.com\/wp-content\/uploads\/2019\/10\/Alexander-Soros-tw-355x280.png 355w, https:\/\/balkanweb.com\/wp-content\/uploads\/2019\/10\/Alexander-Soros-tw-443x350.png 443w, https:\/\/balkanweb.com\/wp-content\/uploads\/2019\/10\/Alexander-Soros-tw-333x263.png 333w, https:\/\/balkanweb.com\/wp-content\/uploads\/2019\/10\/Alexander-Soros-tw-101x80.png 101w, https:\/\/balkanweb.com\/wp-content\/uploads\/2019\/10\/Alexander-Soros-tw-570x450.png 570w\" alt=\"Alexander Soros Tw\" width=\"631\" height=\"498\" \/><\/a><\/figure>\n","protected":false},"excerpt":{"rendered":"<p>Alexander Soros, djali i filantropisit t\u00eb njohur, themeluesit t\u00eb Fondacionit p\u00ebr Shoq\u00ebrin\u00eb e Hapur George Soros e shikon racizmin si shkak p\u00ebr refuzimin e Shqip\u00ebris\u00eb p\u00ebr hapjen e negociatave t\u00eb pranimit me BE. N\u00eb nj\u00eb mesazh n\u00eb \u201cTwitter\u201d ku shp\u00ebrndan q\u00ebndrimin e komisionerit Johannes Hahn, Alexander Soros shkruan se shqiptar\u00ebt po paragjykohen dhe se Europa [&hellip;]<\/p>\n","protected":false},"author":2013,"featured_media":111125,"comment_status":"open","ping_status":"closed","sticky":false,"template":"","format":"standard","meta":{"footnotes":""},"categories":[241,235],"tags":[],"class_list":{"0":"post-111124","1":"post","2":"type-post","3":"status-publish","4":"format-standard","5":"has-post-thumbnail","7":"category-aktualitet","8":"category-vendi"},"_links":{"self":[{"href":"https:\/\/zjarr.tv\/sq\/wp-json\/wp\/v2\/posts\/111124","targetHints":{"allow":["GET"]}}],"collection":[{"href":"https:\/\/zjarr.tv\/sq\/wp-json\/wp\/v2\/posts"}],"about":[{"href":"https:\/\/zjarr.tv\/sq\/wp-json\/wp\/v2\/types\/post"}],"author":[{"embeddable":true,"href":"https:\/\/zjarr.tv\/sq\/wp-json\/wp\/v2\/users\/2013"}],"replies":[{"embeddable":true,"href":"https:\/\/zjarr.tv\/sq\/wp-json\/wp\/v2\/comments?post=111124"}],"version-history":[{"count":0,"href":"https:\/\/zjarr.tv\/sq\/wp-json\/wp\/v2\/posts\/111124\/revisions"}],"wp:featuredmedia":[{"embeddable":true,"href":"https:\/\/zjarr.tv\/sq\/wp-json\/wp\/v2\/media\/111125"}],"wp:attachment":[{"href":"https:\/\/zjarr.tv\/sq\/wp-json\/wp\/v2\/media?parent=111124"}],"wp:term":[{"taxonomy":"category","embeddable":true,"href":"https:\/\/zjarr.tv\/sq\/wp-json\/wp\/v2\/categories?post=111124"},{"taxonomy":"post_tag","embeddable":true,"href":"https:\/\/zjarr.tv\/sq\/wp-json\/wp\/v2\/tags?post=111124"}],"curies":[{"name":"wp","href":"https:\/\/api.w.org\/{rel}","templated":true}]}}