{"id":111528,"date":"2019-10-25T14:19:39","date_gmt":"2019-10-25T12:19:39","guid":{"rendered":"https:\/\/zjarr.tv\/?p=111528"},"modified":"2019-10-25T14:19:39","modified_gmt":"2019-10-25T12:19:39","slug":"do-e-coj-ne-gjyq-haradinaj-i-pergjigjet-rames","status":"publish","type":"post","link":"https:\/\/zjarr.tv\/sq\/do-e-coj-ne-gjyq-haradinaj-i-pergjigjet-rames\/","title":{"rendered":"\u2018Do e \u00e7oj n\u00eb gjyq\u2019\/ Haradinaj i p\u00ebrgjigjet Ram\u00ebs"},"content":{"rendered":"<p>Kryeministri n\u00eb largim i Kosov\u00ebs, Ramush Haradinaj, ka reaguar pasi shefi i ekzekutivit shqiptar, Edi Rama, njoftoi se do t\u00eb ngrej\u00eb nj\u00eb padi ndaj tij p\u00ebr deklarat\u00ebn e b\u00ebr\u00eb pak dit\u00eb m\u00eb par\u00eb.<\/p>\n<p>Haradinaj shprehej se s\u00eb bashku me president\u00ebt Hashim Tha\u00e7i dhe\u00a0 Aleksand\u00ebr Vu\u00e7i\u00e7, Rama do t\u00eb ndante 10 miliard\u00eb euro n\u00eb tavolin\u00eb n\u00ebp\u00ebrmjet planit t\u00eb ndarjes territoriale t\u00eb Kosov\u00ebs.<\/p>\n<p>N\u00eb nj\u00eb komunikim me televizionin informativ \u2018News 24\u2019, Haradinaj nuk u t\u00ebrhoq nga akuza e tij. \u2018Nuk e kam ndjekur at\u00eb q\u00eb tha Rama. Kam lexuar n\u00ebp\u00ebr portale.<\/p>\n<div id=\"rekl-13\">\n<div id=\"__sap-ad-15\" class=\"__sap-ads __sap-html tracked\" data-title=\"Credins desktop 08\"><ins><\/p>\n<div id=\"beacon_032d2ab1cc\"><\/div>\n<p><\/ins><\/div>\n<\/div>\n<p>Ai ka shqet\u00ebsimet e tij. Un\u00eb kam kund\u00ebrshtuar shk\u00ebmbimin e territoreve, do t\u00eb ishte humbje e madhe p\u00ebr Kosov\u00ebn. Duan t\u00eb marrin pasurit\u00eb e Kosov\u00ebs.\u2019-tha Haradinaj.<\/p>\n<p>Reagimi i Haradinajt vjen pas deklarat\u00ebs s\u00eb Ram\u00ebs, i cili mohoi q\u00eb t\u00eb kishte nd\u00ebrhyr\u00eb p\u00ebr \u00e7\u00ebshtjen e heqjes s\u00eb taks\u00ebs prej 100 % ndaj mallrave dhe produkteve serbe, n\u00eb samitin e vendeve t\u00eb Ballkanit Per\u00ebndimor t\u00eb mbajtur n\u00eb prill n\u00eb Berlin.<\/p>\n<p><strong>\u00c7far\u00eb tha Rama mbr\u00ebm\u00eb:<\/strong><\/p>\n<p><em>\u2018N\u00eb gjykatat e Kosov\u00ebs, zot\u00ebria duhet t\u00eb provoj\u00eb akuz\u00ebn p\u00ebr 10 miliard\u00eb q\u00eb do t\u00eb ndanim un\u00eb, Hashim Tha\u00e7i dhe Vu\u00e7i\u00e7i. Q\u00eb t\u2019i thuash nj\u00eb populli se ishin 10 miliard\u00eb n\u00eb tavolin\u00eb atyre bravo ju qoft\u00eb q\u00eb marrin akoma vota\u2019.<\/em><\/p>\n<p><strong>Akuza e Haradinaj:<\/strong><\/p>\n<p><em>\u2018Me nj\u00eb investim jo m\u00eb t\u00eb madh se sa 140 milion\u00eb \u20ac, Trep\u00e7ja jep nj\u00eb fitim neto rreth 500 milion\u00eb \u20acn\u00eb vit, p\u00ebr 20 vjet b\u00ebjn\u00eb 10 miliard\u00eb \u20ac, t\u00eb cilat duhet t\u2019i g\u00ebzoj\u00eb Kosova dhe Serbia. Ndalova grabitjen 10 miliard\u00eb \u20ac, q\u00eb do t\u00eb realizohej, n\u00ebp\u00ebrmjet planit t\u00eb ndarjes s\u00eb Kosov\u00ebs! Ky dhe ishte pik\u00ebsynimi i fsheht\u00eb ekonomik, n\u00eb planin e shk\u00ebmbimit t\u00eb territoreve\u00a0 nd\u00ebrmjet Kosov\u00ebs dhe Serbis\u00eb.<\/em><\/p>\n<p><em>Tha\u00e7i, Vu\u00e7i\u00e7 dhe Rama, ishin bashk\u00ebpun\u00ebtor\u00eb\u00a0 n\u00eb realizimin e k\u00ebsaj skeme. Por, un\u00eb e ndalova k\u00ebt\u00eb grabitje dhe miniera\u00a0 e Trep\u00e7\u00ebs, sot e prej dy muajsh, i p\u00ebrket vet\u00ebm Kosov\u00ebs\u2019.<\/em><\/p>\n","protected":false},"excerpt":{"rendered":"<p>Kryeministri n\u00eb largim i Kosov\u00ebs, Ramush Haradinaj, ka reaguar pasi shefi i ekzekutivit shqiptar, Edi Rama, njoftoi se do t\u00eb ngrej\u00eb nj\u00eb padi ndaj tij p\u00ebr deklarat\u00ebn e b\u00ebr\u00eb pak dit\u00eb m\u00eb par\u00eb. Haradinaj shprehej se s\u00eb bashku me president\u00ebt Hashim Tha\u00e7i dhe\u00a0 Aleksand\u00ebr Vu\u00e7i\u00e7, Rama do t\u00eb ndante 10 miliard\u00eb euro n\u00eb tavolin\u00eb n\u00ebp\u00ebrmjet [&hellip;]<\/p>\n","protected":false},"author":2013,"featured_media":97483,"comment_status":"open","ping_status":"closed","sticky":false,"template":"","format":"standard","meta":{"footnotes":""},"categories":[241,235],"tags":[],"class_list":{"0":"post-111528","1":"post","2":"type-post","3":"status-publish","4":"format-standard","5":"has-post-thumbnail","7":"category-aktualitet","8":"category-vendi"},"_links":{"self":[{"href":"https:\/\/zjarr.tv\/sq\/wp-json\/wp\/v2\/posts\/111528","targetHints":{"allow":["GET"]}}],"collection":[{"href":"https:\/\/zjarr.tv\/sq\/wp-json\/wp\/v2\/posts"}],"about":[{"href":"https:\/\/zjarr.tv\/sq\/wp-json\/wp\/v2\/types\/post"}],"author":[{"embeddable":true,"href":"https:\/\/zjarr.tv\/sq\/wp-json\/wp\/v2\/users\/2013"}],"replies":[{"embeddable":true,"href":"https:\/\/zjarr.tv\/sq\/wp-json\/wp\/v2\/comments?post=111528"}],"version-history":[{"count":0,"href":"https:\/\/zjarr.tv\/sq\/wp-json\/wp\/v2\/posts\/111528\/revisions"}],"wp:featuredmedia":[{"embeddable":true,"href":"https:\/\/zjarr.tv\/sq\/wp-json\/wp\/v2\/media\/97483"}],"wp:attachment":[{"href":"https:\/\/zjarr.tv\/sq\/wp-json\/wp\/v2\/media?parent=111528"}],"wp:term":[{"taxonomy":"category","embeddable":true,"href":"https:\/\/zjarr.tv\/sq\/wp-json\/wp\/v2\/categories?post=111528"},{"taxonomy":"post_tag","embeddable":true,"href":"https:\/\/zjarr.tv\/sq\/wp-json\/wp\/v2\/tags?post=111528"}],"curies":[{"name":"wp","href":"https:\/\/api.w.org\/{rel}","templated":true}]}}