{"id":111556,"date":"2019-10-26T14:41:50","date_gmt":"2019-10-26T12:41:50","guid":{"rendered":"https:\/\/zjarr.tv\/?p=111556"},"modified":"2019-10-26T14:41:50","modified_gmt":"2019-10-26T12:41:50","slug":"ish-ambasadori-i-shba-se-be-e-plote-kur-te-jete-edhe-ballkani-perendimor-rruga-ka-shume-sfida-perpara","status":"publish","type":"post","link":"https:\/\/zjarr.tv\/sq\/ish-ambasadori-i-shba-se-be-e-plote-kur-te-jete-edhe-ballkani-perendimor-rruga-ka-shume-sfida-perpara\/","title":{"rendered":"Ish-Ambasadori i SHBA-s\u00eb: BE e plot\u00eb kur t\u00eb jet\u00eb edhe Ballkani Per\u00ebndimor, rruga ka shum\u00eb sfida p\u00ebrpara"},"content":{"rendered":"<p>Ish-Ambasadori i SHBA-s\u00eb n\u00eb Maqedonin\u00eb e Veriut, Christofer Hill, i pranish\u00ebm n\u00eb samitin e Paqes p\u00ebr Europ\u00ebn Juglindore deklaroi se paqja \u00ebsht\u00eb e v\u00ebshtir\u00eb p\u00ebr t\u2019u arritur, por p\u00ebrg\u00ebzoi pun\u00ebn e popujve t\u00eb Ballkanit per\u00ebndimor gjith\u00eb k\u00ebto vite.<\/p>\n<p>\u201cPaqja \u00ebsht\u00eb e v\u00ebshtir\u00eb p\u00ebr t\u2019u arritur n\u00eb disa an\u00eb. Ajo \u00ebsht\u00eb di\u00e7ka t\u00eb cil\u00ebn t\u00eb t\u00ebr\u00eb e kemi \u00ebnd\u00ebrruar, por besoj se e kuptojm\u00eb q\u00eb paqja nuk \u00ebsht\u00eb mungesa e luft\u00ebs. Ajo n\u00ebnkupton edhe nj\u00eb lloj strukture marr\u00ebdh\u00ebnie mes njer\u00ebzve, t\u00eb m\u00ebnyr\u00ebs sesi nj\u00eb person respekton pik\u00ebpamjet e tjetrit. Ve\u00e7an\u00ebrisht nuk ka qen\u00eb e leht\u00eb n\u00eb Ballkanin Per\u00ebndimor kur kam ardhur n\u00eb Shqip\u00ebri p\u00ebrher\u00eb t\u00eb par\u00eb n\u00eb\u00a0 vitin 1991, 28 vjet m\u00eb par\u00eb, por duket si nj\u00eb koh\u00eb shum\u00eb e gjat\u00eb p\u00ebrpara. At\u00ebkoh\u00eb kishte nj\u00eb sistem qeverisje q\u00eb ishte aplikuar n\u00eb disa vendeve.\u00a0 T\u00eb t\u00ebr\u00eb e dim\u00eb q\u00eb paqja varet nga njer\u00ebz t\u00eb ndrysh\u00ebm t\u00eb cil\u00ebt mblidhen s\u00ebbashku n\u00eb respekt t\u00eb nj\u00ebri tjetrit. Banor\u00ebt e Ballkanit kan\u00eb mij\u00ebra vjet \u00eb luftojn\u00eb. E d\u00ebgjojm\u00eb shpesh dhe kjo \u00ebsht\u00eb e pav\u00ebrtet\u00eb sepse popujt e Ballkanit kan\u00eb dal\u00eb nga kjo e kaluar luftarake dhe kan\u00eb krijuar komunitete q\u00eb mendoj se jan\u00eb zilia e pjes\u00eb t\u00eb ndryshme t\u00eb bot\u00ebs, t\u00eb cil\u00ebt nuk jan\u00eb ende t\u00eb krijojn\u00eb k\u00ebt\u00eb sens komuniteti si n\u00eb Ballkan\u201d, tha Hill.<\/p>\n<p>Hill risolli n\u00eb v\u00ebmendje edhe vendimin e BE-s\u00eb p\u00ebr negociatat. Ai theksoi q\u00eb rruga \u00ebsht\u00eb akoma e hapur, megjithat\u00eb do t\u00eb ket\u00eb sfida. Sipas Hill, BE do t\u00eb jet\u00eb e plot\u00eb kur t\u2019i bashkohet edhe Ballkani Per\u00ebndimor.<\/p>\n<div id=\"rekl-13\">\n<div id=\"__sap-ad-15\" class=\"__sap-ads __sap-html tracked\" data-title=\"Credins desktop 08\"><ins><\/p>\n<div id=\"beacon_0d4e15a8f6\"><\/div>\n<p><\/ins><\/div>\n<\/div>\n<p>\u201cBallkani po p\u00ebrpiqet t\u00eb jet\u00eb pjes\u00eb e BE. Mendoj se t\u00eb t\u00ebr\u00eb k\u00ebtu e dim\u00eb zhg\u00ebnjimin e koh\u00ebve t\u00eb fundit p\u00ebr shtyrje t\u00eb negociatave me BE. E ndiej vet\u00eb k\u00ebt\u00eb zhg\u00ebnjim. Rruga p\u00ebr t\u00eb ecur vazhdon t\u00eb jet\u00eb e hapur, vazhdon t\u00eb jet\u00eb e kalueshme, por do t\u00eb ket\u00eb sfida p\u00ebrs\u00ebri. Jam shum\u00eb i bindur q\u00eb ky udh\u00ebtim q\u00eb popujt e Ballkanit kan\u00eb nisur \u00ebsht\u00eb udh\u00ebtim q\u00eb i ka ndihmuar popujt p\u00ebr koh\u00eb t\u00eb v\u00ebshtira. Skam dyshim q\u00eb nuk do t\u00eb ket\u00eb v\u00ebrtet\u00eb Europ\u00eb t\u00eb lir\u00eb dhe t\u00eb plot\u00eb pa bashkimin edhe t\u00eb Ballkanit Per\u00ebndimor n\u00eb t\u00eb\u201d, tha Hill<\/p>\n","protected":false},"excerpt":{"rendered":"<p>Ish-Ambasadori i SHBA-s\u00eb n\u00eb Maqedonin\u00eb e Veriut, Christofer Hill, i pranish\u00ebm n\u00eb samitin e Paqes p\u00ebr Europ\u00ebn Juglindore deklaroi se paqja \u00ebsht\u00eb e v\u00ebshtir\u00eb p\u00ebr t\u2019u arritur, por p\u00ebrg\u00ebzoi pun\u00ebn e popujve t\u00eb Ballkanit per\u00ebndimor gjith\u00eb k\u00ebto vite. \u201cPaqja \u00ebsht\u00eb e v\u00ebshtir\u00eb p\u00ebr t\u2019u arritur n\u00eb disa an\u00eb. Ajo \u00ebsht\u00eb di\u00e7ka t\u00eb cil\u00ebn t\u00eb t\u00ebr\u00eb [&hellip;]<\/p>\n","protected":false},"author":2013,"featured_media":111557,"comment_status":"open","ping_status":"closed","sticky":false,"template":"","format":"standard","meta":{"footnotes":""},"categories":[241,235],"tags":[],"class_list":{"0":"post-111556","1":"post","2":"type-post","3":"status-publish","4":"format-standard","5":"has-post-thumbnail","7":"category-aktualitet","8":"category-vendi"},"_links":{"self":[{"href":"https:\/\/zjarr.tv\/sq\/wp-json\/wp\/v2\/posts\/111556","targetHints":{"allow":["GET"]}}],"collection":[{"href":"https:\/\/zjarr.tv\/sq\/wp-json\/wp\/v2\/posts"}],"about":[{"href":"https:\/\/zjarr.tv\/sq\/wp-json\/wp\/v2\/types\/post"}],"author":[{"embeddable":true,"href":"https:\/\/zjarr.tv\/sq\/wp-json\/wp\/v2\/users\/2013"}],"replies":[{"embeddable":true,"href":"https:\/\/zjarr.tv\/sq\/wp-json\/wp\/v2\/comments?post=111556"}],"version-history":[{"count":0,"href":"https:\/\/zjarr.tv\/sq\/wp-json\/wp\/v2\/posts\/111556\/revisions"}],"wp:featuredmedia":[{"embeddable":true,"href":"https:\/\/zjarr.tv\/sq\/wp-json\/wp\/v2\/media\/111557"}],"wp:attachment":[{"href":"https:\/\/zjarr.tv\/sq\/wp-json\/wp\/v2\/media?parent=111556"}],"wp:term":[{"taxonomy":"category","embeddable":true,"href":"https:\/\/zjarr.tv\/sq\/wp-json\/wp\/v2\/categories?post=111556"},{"taxonomy":"post_tag","embeddable":true,"href":"https:\/\/zjarr.tv\/sq\/wp-json\/wp\/v2\/tags?post=111556"}],"curies":[{"name":"wp","href":"https:\/\/api.w.org\/{rel}","templated":true}]}}