{"id":111590,"date":"2019-10-26T15:36:12","date_gmt":"2019-10-26T13:36:12","guid":{"rendered":"https:\/\/zjarr.tv\/?p=111590"},"modified":"2019-10-26T15:36:12","modified_gmt":"2019-10-26T13:36:12","slug":"e-bija-e-mark-shllakut-rrefen-amanetin-qe-tronditi-opinionin-takimi-i-fundit-me-te-atin-para-se-te-pushkatohej","status":"publish","type":"post","link":"https:\/\/zjarr.tv\/sq\/e-bija-e-mark-shllakut-rrefen-amanetin-qe-tronditi-opinionin-takimi-i-fundit-me-te-atin-para-se-te-pushkatohej\/","title":{"rendered":"E bija e Mark Shllakut rr\u00ebfen amanetin q\u00eb tronditi opinionin, takimi i fundit me t\u00eb atin para se t\u00eb pushkatohej"},"content":{"rendered":"<p>Nj\u00eb vajz\u00eb 8-vje\u00e7are k\u00ebrkon t\u00eb takoj\u00eb t\u00eb atin para se t\u2019ia pushkatojn\u00eb. E mitura troket n\u00eb der\u00ebn e xhelatit, p\u00ebr t\u00eb marr\u00eb lejen. Duart i dridhen. Nuk \u00ebsht\u00eb hyrja e nj\u00eb legjende, as let\u00ebrsi. N\u00eb nj\u00eb dit\u00eb si kjo, fund tetori, 70 vite m\u00eb par\u00eb, Juli Shllaku u ndal me droje para sht\u00ebpis\u00eb ku rrinte shefi i deg\u00ebs, Shkod\u00ebr. Babai i saj, Mark Shllaku sapo ishte d\u00ebnuar me vdekje. Ekzekutimi do t\u00eb b\u00ebhej p\u00ebr pak dit\u00eb. E \u00ebma e shoq\u00ebroi deri af\u00ebr banes\u00ebs, dhe e la vog\u00eblushen ta k\u00ebrkonte t\u00eb drejt\u00ebn p\u00ebr takimin e fundit me t\u00eb atin, duke menduar se k\u00ebshtu do t\u00eb ishte m\u00eb efektive.<\/p>\n<p>\u201cM\u00eb \u00e7oi mama deri af\u00ebr, e masanej i rash\u00eb vet\u00eb der\u00ebs. Ishte nga ato shpit\u00eb e m\u00ebdhaja me ballkone druni, t\u00eb sekuestrume tregtar\u00ebve. Shefit t\u00eb deg\u00ebs, nuk ja maj men emrin. I thash\u00eb, a mund ta takojm\u00eb bab\u00ebn p\u00ebr her\u00eb t\u00eb fundit. M\u00eb tha po, m\u00eb dha nj\u00eb pusull\u00eb, shko takoje\u201d, rr\u00ebfen Juli, sot 78 vje\u00e7. Ajo mendon se kryepolici i Shkodr\u00ebs u tregua bujar, se u ndikua nga f\u00ebmij\u00ebt dhe gruaja e tij, q\u00eb ishin aty, kur ajo hyri n\u00eb oborr.<\/p>\n<div class=\"galery-slider\">\n<ul class=\"slides\">\n<li class=\"flex-slider-item\" data-thumb-alt=\"\"><a href=\"https:\/\/balkanweb.com\/wp-content\/uploads\/2019\/10\/63fd10e9-1114-41e1-8323-19fd61024c73.jpg\" rel=\"lightbox\"><img decoding=\"async\" draggable=\"false\" src=\"https:\/\/balkanweb.com\/wp-content\/uploads\/2019\/10\/63fd10e9-1114-41e1-8323-19fd61024c73.jpg\" alt=\"foto galeri \" \/><\/a><\/li>\n<li class=\"flex-slider-item flex-active-slide\" data-thumb-alt=\"\"><a href=\"https:\/\/balkanweb.com\/wp-content\/uploads\/2019\/10\/3b0a25f6-fd54-41b3-bc58-60f27d583d1c-768x512.jpg\" rel=\"lightbox\"><img decoding=\"async\" draggable=\"false\" src=\"https:\/\/balkanweb.com\/wp-content\/uploads\/2019\/10\/3b0a25f6-fd54-41b3-bc58-60f27d583d1c-768x512.jpg\" alt=\"foto galeri \" \/><\/a><\/li>\n<li class=\"flex-slider-item\" data-thumb-alt=\"\"><a href=\"https:\/\/balkanweb.com\/wp-content\/uploads\/2019\/10\/2d8c52dc-3bc5-4e16-8456-0c1c3b84551f-768x512.jpg\" rel=\"lightbox\"><img decoding=\"async\" draggable=\"false\" src=\"https:\/\/balkanweb.com\/wp-content\/uploads\/2019\/10\/2d8c52dc-3bc5-4e16-8456-0c1c3b84551f-768x512.jpg\" alt=\"foto galeri \" \/><\/a><\/li>\n<li class=\"flex-slider-item\" data-thumb-alt=\"\"><a href=\"https:\/\/balkanweb.com\/wp-content\/uploads\/2019\/10\/fa03fe7d-d0cb-4362-bd99-76eb97044594-768x512.jpg\" rel=\"lightbox\"><img decoding=\"async\" draggable=\"false\" src=\"https:\/\/balkanweb.com\/wp-content\/uploads\/2019\/10\/fa03fe7d-d0cb-4362-bd99-76eb97044594-768x512.jpg\" alt=\"foto galeri \" \/><\/a><\/li>\n<li class=\"flex-slider-item\" data-thumb-alt=\"\"><a href=\"https:\/\/balkanweb.com\/wp-content\/uploads\/2019\/10\/ee8c3bd3-fffa-498d-8421-7b4753c8b005-768x512.jpg\" rel=\"lightbox\"><img decoding=\"async\" draggable=\"false\" src=\"https:\/\/balkanweb.com\/wp-content\/uploads\/2019\/10\/ee8c3bd3-fffa-498d-8421-7b4753c8b005-768x512.jpg\" alt=\"foto galeri \" \/><\/a><\/li>\n<li class=\"flex-slider-item\" data-thumb-alt=\"\"><a href=\"https:\/\/balkanweb.com\/wp-content\/uploads\/2019\/10\/7f775d3c-c54b-46e3-bc97-0257e3d13d35-768x494.jpg\" rel=\"lightbox\"><img decoding=\"async\" draggable=\"false\" src=\"https:\/\/balkanweb.com\/wp-content\/uploads\/2019\/10\/7f775d3c-c54b-46e3-bc97-0257e3d13d35-768x494.jpg\" alt=\"foto galeri \" \/><\/a><\/li>\n<li class=\"flex-slider-item\" data-thumb-alt=\"\"><a href=\"https:\/\/balkanweb.com\/wp-content\/uploads\/2019\/10\/eb601a05-a778-4fe1-b093-e580190c2cc9.jpg\" rel=\"lightbox\"><img decoding=\"async\" draggable=\"false\" src=\"https:\/\/balkanweb.com\/wp-content\/uploads\/2019\/10\/eb601a05-a778-4fe1-b093-e580190c2cc9.jpg\" alt=\"foto galeri \" \/><\/a><\/li>\n<\/ul>\n<\/div>\n<p>E bija e Mark Shllakut, jeton me djalin, Antonin, n\u00eb nj\u00eb apartament pran\u00eb Shkoll\u00ebs s\u00eb Mesme t\u00eb gjuh\u00ebve t\u00eb huaja n\u00eb Tiran\u00eb. Nuk i ka t\u00eb shpeshta vizitat, edhe pse k\u00ebrkesat nuk mungojn\u00eb. Ka vuajtur jo pak nga sh\u00ebndeti. Teksa ngjitemi n\u00eb ashensor p\u00ebr ta takuar, bashk\u00eb me fotografin Florion Goga, vrasim mendjen se si do t\u00eb ishte shtr\u00ebngimi i duarve, se cilat mund t\u00eb jen\u00eb fjal\u00ebt e para. Nuk duhet t\u00eb jet\u00eb e leht\u00eb me nj\u00eb njeri kaq t\u00eb vuajtur.<\/p>\n<p>Mir\u00ebpo, del nj\u00eb hyrje mjaft e p\u00ebrzem\u00ebrt. Ajo e ka merak q\u00eb t\u00eb pritemi mir\u00eb dhe me respekt, me pijet e duhura. Antoni na servir raki nga m\u00eb e mira, e sht\u00ebpis\u00eb.<\/p>\n<p>M\u00eb 25 shtator, sipas terminologjis\u00eb s\u00eb sotme t\u00eb medias online, u b\u00eb virale nj\u00eb let\u00ebr. Amaneti i Mark Shllakut p\u00ebr t\u00eb shoqen para se t\u00eb shkonte drejt pushkatimit, ndryshoi dit\u00ebn, gjendjen, dhe humorin e \u00e7dokujt q\u00eb e lexoi. E besueshme \u00ebsht\u00eb q\u00eb nuk ngeli njeri pa e par\u00eb.<\/p>\n<p>E dashtuna Angje e f\u00ebmij\u00eb!<\/p>\n<p>M\u00eb kan\u00eb nda nga shok\u00ebt p\u00ebr me m\u00eb ekzekutu. Nuk po m\u00eb dhimet jeta, vet\u00ebm se ju po ma m\u00ebrzisni shpirtin.<\/p>\n<p>Mos u m\u00ebrzit p\u00ebr mue vet\u00ebm mi rrit f\u00ebmij\u00ebt me hir t\u00eb zotit. Amanet bab\u00ebn e mos i trego p\u00ebr mue. Borxh i kam Halitit p\u00ebr tjegullat dhe n\u00eb ardht\u00eb dita, jepja p\u00ebr mue.<\/p>\n<p><em>E dashtuna Angje!<\/em><\/p>\n<p><em>Jam lidh kamb\u00ebsh e duersh. Edhe pak or\u00eb me kan\u00eb mbetur me jetue. Mendjen e kam te ti e f\u00ebmija q\u00eb nuk mujta m\u00eb ju g\u00ebzue. Tashti m\u00eb kan\u00eb pik\u00ebllue shum\u00eb fytyrat tuaja q\u00eb m\u00eb dalin parasysh e sm\u00eb lan\u00eb me dek\u00eb\u2026 banu e fort\u00eb. Marku!<\/em><\/p>\n<p><em>Angje! Ne t\u2019u mbusht\u00eb m\u00ebndja me u martue e ke lejen teme por mos me m\u00eb harrue. Por amanet f\u00ebmij\u00ebt. T\u00eb kam dasht me shpirt deri n\u00eb \u00e7ast t\u00eb mrame t\u00eb jet\u00ebs teme. Edhe n\u00eb at\u00eb jet\u00eb do t\u00eb lutem p\u00ebr ty. Amanet mos u m\u00ebrzit p\u00ebr mue por shikjo f\u00ebmit\u00eb.<\/em><\/p>\n<p><em>Ju puth me mall p\u00ebr her\u00eb t\u00eb fundit. Marku.<\/em><\/p>\n<p><em>E dashtuna Angje!<\/em><\/p>\n<p><em>T\u00eb lut\u00ebm me mi ba hallall vuajtet q\u00eb t\u00eb kam shkaktue.<\/em><\/p>\n<p><em>T\u00eb lutem me mu interesue p\u00ebr eshtrat, t\u00eb mos m\u00eb harrojsh p\u00ebr kurdoher\u00eb. Me mi marr\u00eb eshtrat e me mi \u00e7u n\u00eb nj\u00eb varr. Kam me vedi nj\u00eb teneqe me emnin tem, me t\u00eb mund\u00ebsh me m\u00eb njoft\u00eb.<\/em><\/p>\n<p><em>Hallall t\u00eb gjith\u00ebve dhe ty t\u00eb pares. Po vdes si nj\u00eb shqiptar i mir\u00eb dhe i ndersh\u00ebm.<\/em><\/p>\n<p>Marku, nj\u00eb arsimtar 31-vje\u00e7ar, \u00ebnd\u00ebrrimtar, i linte k\u00ebto porosi s\u00eb shoqes. T\u00eb kujdesej p\u00ebr vajzat, t\u00eb vazhdonte jet\u00ebn, t\u00eb martohej, por mos ta harronte. I k\u00ebrkonte t\u2019i gjente eshtrat, duke i dh\u00ebn\u00eb nj\u00eb orientim. Do t\u00eb kishte nj\u00eb cop\u00eb metalike me emrin e tij, q\u00eb do ta lidhte te k\u00ebmb\u00ebt.<\/p>\n<p>\u201cUn\u00eb vet\u00eb e kam zbuluar letr\u00ebn, n\u00eb vitin 1976, pasi m\u00eb vdiq mama\u201d, tregon Juli Shllaku.<\/p>\n<div id=\"videoad\"><\/div>\n<div id=\"pa_1x1_psbk_1572096939136\"><\/div>\n<p>70 vjet qendroi e fshehur kjo let\u00ebr. Antoni vet\u00eb, ka pak muaj q\u00eb e ka par\u00eb. Juli e ka nxjerr\u00eb dhe e ka b\u00ebr\u00eb publike kur mori vesh se paskan ardhur disa ekspert\u00eb t\u00eb huaj q\u00eb ndihmojn\u00eb n\u00eb zbulimin e varreve dhe gjetjen e eshtrave.<\/p>\n<p>Gruaja e Markut, duke ndjekur kumtin q\u00eb i thoshte t\u00eb kujdesej p\u00ebr vajzat, ishte munduar ta mbante gjith\u00eb pik\u00ebllimin mbi vete dhe t\u00eb mos i ngarkonte t\u00eb bijat me k\u00ebt\u00eb dram\u00eb t\u00eb pazakont\u00eb. Dhe ia kishte dal\u00eb p\u00ebr s\u00eb mbari. Vet\u00ebm pasi ajo nd\u00ebrroi jet\u00eb, Juli, duke rr\u00ebmuar n\u00ebp\u00ebr rafte, e gjeti amanetin brenda nj\u00eb ditari t\u00eb babait t\u00eb saj.<\/p>\n<p>\u201cAi ditar, ato letra, ato poezi, vjersha, dhe disa piktura q\u00eb kemi prej tij, shp\u00ebtuan\u201d, thot\u00eb Juli, e cila edhe pse 8 vje\u00e7 n\u00eb at\u00eb koh\u00eb e mban mend fare mir\u00eb se pas pushkatimit, ushtar\u00eb t\u00eb rrept\u00eb erdh\u00ebn dhe e kthyen sht\u00ebpin\u00eb p\u00ebrmbys, ku nuk kursyen as perdet, me iden\u00eb e ngulm\u00ebt p\u00ebr t\u00eb gjetur prova t\u00eb implikimit t\u00eb m\u00ebsuesit Mark Shllaku n\u00eb vepr\u00ebn e rr\u00ebzimit t\u00eb pushtetit komunist.<\/p>\n<p>\u201cK\u00ebto shp\u00ebtuan sepse ata q\u00eb erdh\u00ebn p\u00ebr kontroll, ishin injorant\u00eb. Nuk i kuptonin, kushedi si u jan\u00eb dukur\u201d, rr\u00ebfen Juli, teksa i kalon n\u00ebp\u00ebr gishta ato sh\u00ebnime t\u00eb zverdhura e t\u00eb dala boje prej viteve. Jan\u00eb pik\u00ebrisht origjinalet, t\u00eb shkruara n\u00eb letrat e paket\u00ebs s\u00eb duhanit, Ylli i Kuq. Dhe dy foto t\u00eb Markut, i ri, dhe pak para se ta d\u00ebnonin, i mban aty.<\/p>\n<p>E mban mend shum\u00eb mir\u00eb t\u00eb atin. Ishte m\u00ebsues n\u00eb Kabash t\u00eb Puk\u00ebs, nj\u00eb zon\u00eb tejet e thell\u00eb. Ajo thot\u00eb se e ka marr\u00eb nj\u00eb her\u00eb me vete. Mark Shllaku synonte t\u2019i arg\u00ebtonte nx\u00ebn\u00ebsit e tij dhe i nxiste t\u00eb ishin kreativ\u00eb. Edhe vet\u00eb kishte marr\u00eb pjes\u00eb n\u00eb role n\u00eb estrad\u00eb. Kishte shpirt artisti.<\/p>\n<p>E kujton sakt\u00eb dit\u00ebn kur u dha vendimi, d\u00ebnim me vdekje. Kur e nxor\u00ebn nga salla e gjyqit, rrethohej nga ushtar\u00eb.<\/p>\n<p>\u201cMama jeme u sul me e taku. Dhe i ndau ushtar\u00ebt, e u p\u00ebrqafu me t\u00eb. Po nuk e lan\u00eb ma shum\u00eb\u201d. Juli e ka treguar disa her\u00eb k\u00ebt\u00eb histori me t\u00eb af\u00ebrm e miq. Edhe n\u00eb k\u00ebt\u00eb rr\u00ebfim p\u00ebr gazet\u00ebn Mapo, nuk i ndal dot lot\u00ebt.<\/p>\n<p>Jemi shtangur bashk\u00eb me Florin, i cili e ka ende t\u00eb v\u00ebshtir\u00eb t\u00eb b\u00ebj\u00eb gati aparatin. Kjo histori nuk \u00ebsht\u00eb e zakonshme.<\/p>\n<p>Juli e mori lejen. Shkoi bashk\u00eb me t\u00eb \u00ebm\u00ebn n\u00eb burg, aty n\u00eb Shkod\u00ebr ku po e mbanin. U takua p\u00ebr her\u00eb t\u00eb fundit me bab\u00ebn, jo shum\u00eb gjat\u00eb. Marku i tregoi t\u00eb shoqes se brenda dyshekut ka fut do gjana, ajo duhet t\u2019i marr\u00eb.<\/p>\n<p>Mes sendeve t\u00eb fshehura n\u00eb at\u00eb grumbull t\u00eb vjetruar me rrecka, ishte amaneti.<\/p>\n<p>Tek porosit\u00eb e Mark Shllakut q\u00eb ka ngelur n\u00eb mendjen e kujtdo q\u00eb ka lexuar letrat, ishte edhe ajo p\u00ebr t\u00eb shlyer borxhin e tjegullave, te Haliti.<\/p>\n<p>E pyesim Julin p\u00ebr k\u00ebt\u00eb.<\/p>\n<p>\u201cHaliti ishte tregtar. Mama mas do mujsh q\u00eb e vran\u00eb bab\u00ebn, i bani lekt, dhe shkoi e takoi. I tha ky \u00ebsht\u00eb borxhi dhe ja dor\u00ebzoi. E kam amanet prej Markut. Po ai nuk pranoi me i majt. Nuk pranoi n\u00eb m\u00ebnyr\u00eb absolute\u201d.<\/p>\n<p>K\u00ebrkesa kryesore e Markut ishte gjetja e eshtrave. Ai kishte d\u00ebgjuar n\u00eb burg se \u00e7far\u00eb ndodh me t\u00eb d\u00ebnuarit me vdekje dhe sa e v\u00ebshtir\u00eb ishte t\u2019u gjenden trupat. Juli thot\u00eb se e \u00ebma, menj\u00ebher\u00eb pas pushkatimit, pagoi nj\u00eb fshatar t\u00eb zon\u00ebs, i cili mihi krejt pjes\u00ebn e Kirit ku b\u00ebheshin ekzekutimet, po nuk gjeti gj\u00eb.<\/p>\n<p>\u201cMama u martu, e u donte me ndryshu mbiemnin p\u00ebr me fillu pun\u00eb. Nuk fillonte dot ndryshe. Dhe baba ja pat lan n\u00eb let\u00ebr, q\u00eb me u martu, me vazhdu jet\u00ebn. Masnej, masi u martu, prej sh\u00ebrb\u00ebtore n\u00eb \u00e7erdhe q\u00eb ishte, ja dhan\u00eb t\u00eb drejt\u00ebn me ushtru profesionin e saj q\u00eb e donte shum\u00eb, si nimsmjeke\u201d.<\/p>\n<p>Eshtrat e Mark Shllakut nuk jan\u00eb gjetur ende. E bija nuk \u00ebsht\u00eb optimiste. Ka d\u00ebgjuar d\u00ebshmitar\u00eb, e banor\u00eb t\u00eb zon\u00ebs, n\u00eb lugin\u00ebn e Kirit, aty ku kryheshin ekzekutimet, se prej nxitimit, toga e pushkatimit mund ta ket\u00eb l\u00ebn\u00eb trupin n\u00eb sip\u00ebrfaqe. Dhe rrjedha pastaj me siguri e ka marr\u00eb dhe nj\u00eb zot e di se ku jan\u00eb. T\u00eb pakta duken shanset p\u00ebr t\u2019u gjetur.<\/p>\n<p>\u201cUn\u00eb edhe pak do jem, do ja l\u00eb amanet Tonit\u201d, thot\u00eb Juli, e cila e ka t\u00eb birin si per\u00ebndi n\u00eb drit\u00ebn e syve. \u00cbsht\u00eb e prer\u00eb kur pohon se k\u00ebto pun\u00eb duheshin b\u00ebr\u00eb her\u00ebt, n\u00eb fillim t\u00eb ardhjes s\u00eb demokracis\u00eb. Nj\u00eb seri dramash ka n\u00eb k\u00ebt\u00eb familje. N\u00eb t\u00eb nj\u00ebjtin vit q\u00eb Mark Shllaku u pushkatua, i ati i tij vdiq n\u00eb kampin e internimit n\u00eb Tepelen\u00eb.<\/p>\n<p>Mark Shllaku u d\u00ebnua me vdekje pasi u akuzua si nism\u00ebtar i themelimit t\u00eb Partis\u00eb Socialdemokrate. Ai po ashtu u gjykua se mbante lidhje me njer\u00ebzit e Gjomarkajve dhe Mirakajve. Juli thot\u00eb se ai ishte i pak\u00ebnaqun se si po shkonin pun\u00ebt n\u00eb vend pas \u00e7lirimit. Ishte i m\u00ebrzitun. Nuk ishte ajo, gjendja, situata q\u00eb ai donte. Mark Shllaku tjet\u00ebr gj\u00eb k\u00ebrkonte. Ishte \u00ebnd\u00ebrrimtar.<\/p>\n","protected":false},"excerpt":{"rendered":"<p>Nj\u00eb vajz\u00eb 8-vje\u00e7are k\u00ebrkon t\u00eb takoj\u00eb t\u00eb atin para se t\u2019ia pushkatojn\u00eb. E mitura troket n\u00eb der\u00ebn e xhelatit, p\u00ebr t\u00eb marr\u00eb lejen. Duart i dridhen. Nuk \u00ebsht\u00eb hyrja e nj\u00eb legjende, as let\u00ebrsi. N\u00eb nj\u00eb dit\u00eb si kjo, fund tetori, 70 vite m\u00eb par\u00eb, Juli Shllaku u ndal me droje para sht\u00ebpis\u00eb ku rrinte [&hellip;]<\/p>\n","protected":false},"author":2013,"featured_media":111591,"comment_status":"open","ping_status":"closed","sticky":false,"template":"","format":"standard","meta":{"footnotes":""},"categories":[241,235],"tags":[],"class_list":{"0":"post-111590","1":"post","2":"type-post","3":"status-publish","4":"format-standard","5":"has-post-thumbnail","7":"category-aktualitet","8":"category-vendi"},"_links":{"self":[{"href":"https:\/\/zjarr.tv\/sq\/wp-json\/wp\/v2\/posts\/111590","targetHints":{"allow":["GET"]}}],"collection":[{"href":"https:\/\/zjarr.tv\/sq\/wp-json\/wp\/v2\/posts"}],"about":[{"href":"https:\/\/zjarr.tv\/sq\/wp-json\/wp\/v2\/types\/post"}],"author":[{"embeddable":true,"href":"https:\/\/zjarr.tv\/sq\/wp-json\/wp\/v2\/users\/2013"}],"replies":[{"embeddable":true,"href":"https:\/\/zjarr.tv\/sq\/wp-json\/wp\/v2\/comments?post=111590"}],"version-history":[{"count":0,"href":"https:\/\/zjarr.tv\/sq\/wp-json\/wp\/v2\/posts\/111590\/revisions"}],"wp:featuredmedia":[{"embeddable":true,"href":"https:\/\/zjarr.tv\/sq\/wp-json\/wp\/v2\/media\/111591"}],"wp:attachment":[{"href":"https:\/\/zjarr.tv\/sq\/wp-json\/wp\/v2\/media?parent=111590"}],"wp:term":[{"taxonomy":"category","embeddable":true,"href":"https:\/\/zjarr.tv\/sq\/wp-json\/wp\/v2\/categories?post=111590"},{"taxonomy":"post_tag","embeddable":true,"href":"https:\/\/zjarr.tv\/sq\/wp-json\/wp\/v2\/tags?post=111590"}],"curies":[{"name":"wp","href":"https:\/\/api.w.org\/{rel}","templated":true}]}}