{"id":111651,"date":"2019-10-27T13:30:59","date_gmt":"2019-10-27T12:30:59","guid":{"rendered":"https:\/\/zjarr.tv\/?p=111651"},"modified":"2019-10-27T13:30:59","modified_gmt":"2019-10-27T12:30:59","slug":"meteorologet-ushtarake-moti-qe-presim-5-ditet-e-ardhshme-kur-nisin-shirat","status":"publish","type":"post","link":"https:\/\/zjarr.tv\/sq\/meteorologet-ushtarake-moti-qe-presim-5-ditet-e-ardhshme-kur-nisin-shirat\/","title":{"rendered":"Meteorolog\u00ebt ushtarak\u00eb: Moti q\u00eb presim 5 dit\u00ebt e ardhshme, kur nisin shirat"},"content":{"rendered":"<p>Nj\u00eb jav\u00eb e re fillon nga dita e nes\u00ebrme nd\u00ebrsa moti mbi vendin ton\u00eb dit\u00ebt e para t\u00eb jav\u00ebs do t\u00eb vijoj i kthjell\u00ebt p\u00ebr t\u00eb ardhur m\u00eb pas paq\u00ebndrueshm\u00ebria.<\/p>\n<p>Sipas Sh\u00ebrbimit Meteorologjik Ushtarak, n\u00eb k\u00ebt\u00eb m\u00ebnyr\u00eb tre dit\u00ebt e para t\u00eb jav\u00ebs, e h\u00ebn\u00eb, e mart\u00eb, e m\u00ebrkur\u00eb,\u00a0do t\u00eb jen\u00eb me mot t\u00eb kthjell\u00ebt dhe vran\u00ebsira fare t\u00eb pakta kalimtare mbi relievet malore. Era do t\u00eb fryj\u00eb e qet\u00eb deri n\u00eb 10m\/s, nd\u00ebrsa p\u00ebr t&#8217;u theksuar \u00ebsht\u00eb se gajt\u00eb or\u00ebve t\u00eb m\u00ebngjesit do t\u00eb ket\u00eb mjegull \/ mjegullin\u00eb p\u00ebrgjat\u00eb vij\u00ebs bregdetare dhe zonat luginore.<\/p>\n<p>Duke nisur nga dita e enjte, p\u00ebrfshi dhe ajo e premte, moti pritet t\u00eb jet\u00eb me vran\u00ebsira mesatare dhe t\u00eb dendura por edhe me intervale me diell. N\u00eb or\u00ebt e pasdites t\u00eb dit\u00ebs s\u00eb enjte do t\u00eb ket\u00eb reshje shiu t\u00eb her\u00ebpashershme me intensitet t\u00eb ul\u00ebt dhe mesatar. Reshjet do t\u00eb vijojn\u00eb edhe p\u00ebrgjat\u00eb dit\u00ebs s\u00eb premte por aktiviteti i tyre do t\u00eb jet\u00eb kryesisht n\u00eb or\u00ebt e m\u00ebngjesit dhe ato t\u00eb mbr\u00ebmjes.<\/p>\n<div id=\"rekl-13\">\n<div id=\"__sap-ad-15\" class=\"__sap-ads __sap-html tracked\" data-title=\"Credins desktop 08\"><ins><\/p>\n<div id=\"beacon_f29132d4a2\"><img loading=\"lazy\" decoding=\"async\" src=\"https:\/\/ads1.medium.al\/www\/delivery\/lg.php?bannerid=401&amp;campaignid=56&amp;zoneid=232&amp;loc=https%3A%2F%2Fwww.syri.net%2Fsociale%2F289961%2Fmeteorologet-ushtarake-moti-qe-presim-5-ditet-e-ardhshme-kur-nisin-shirat%2F&amp;referer=https%3A%2F%2Fwww.syri.net%2Flajme%2F&amp;cb=f29132d4a2\" alt=\"\" width=\"0\" height=\"0\" \/><\/div>\n<p><\/ins><\/div>\n<\/div>\n<div id=\"rekl-4\"><\/div>\n<div class=\"fotogaleri\">\n<div class=\"bx-wrapper\">\n<div class=\"bx-viewport\">\n<ul class=\"read-slider\">\n<li><a href=\"https:\/\/www.syri.net\/uploads\/syri.net\/images\/2019\/October\/27\/74326985_768585676914107_5367018973059612672_n1572171056.png\" data-lightbox=\"images\"><img decoding=\"async\" src=\"https:\/\/www.syri.net\/uploads\/syri.net\/images\/2019\/October\/27\/auto_74326985_768585676914107_5367018973059612672_n1572171056.png\" \/><i class=\"fa fa-search-plus syri_zoom\" aria-hidden=\"true\"><\/i><\/a><\/li>\n<\/ul>\n<\/div>\n<div class=\"bx-controls bx-has-pager bx-has-controls-direction\">\n<div class=\"bx-pager bx-default-pager\"><\/div>\n<div class=\"bx-controls-direction\"><\/div>\n<\/div>\n<\/div>\n<\/div>\n<p>&nbsp;<\/p>\n","protected":false},"excerpt":{"rendered":"<p>Nj\u00eb jav\u00eb e re fillon nga dita e nes\u00ebrme nd\u00ebrsa moti mbi vendin ton\u00eb dit\u00ebt e para t\u00eb jav\u00ebs do t\u00eb vijoj i kthjell\u00ebt p\u00ebr t\u00eb ardhur m\u00eb pas paq\u00ebndrueshm\u00ebria. Sipas Sh\u00ebrbimit Meteorologjik Ushtarak, n\u00eb k\u00ebt\u00eb m\u00ebnyr\u00eb tre dit\u00ebt e para t\u00eb jav\u00ebs, e h\u00ebn\u00eb, e mart\u00eb, e m\u00ebrkur\u00eb,\u00a0do t\u00eb jen\u00eb me mot t\u00eb kthjell\u00ebt [&hellip;]<\/p>\n","protected":false},"author":2013,"featured_media":111652,"comment_status":"open","ping_status":"closed","sticky":false,"template":"","format":"standard","meta":{"footnotes":""},"categories":[241,235],"tags":[],"class_list":{"0":"post-111651","1":"post","2":"type-post","3":"status-publish","4":"format-standard","5":"has-post-thumbnail","7":"category-aktualitet","8":"category-vendi"},"_links":{"self":[{"href":"https:\/\/zjarr.tv\/sq\/wp-json\/wp\/v2\/posts\/111651","targetHints":{"allow":["GET"]}}],"collection":[{"href":"https:\/\/zjarr.tv\/sq\/wp-json\/wp\/v2\/posts"}],"about":[{"href":"https:\/\/zjarr.tv\/sq\/wp-json\/wp\/v2\/types\/post"}],"author":[{"embeddable":true,"href":"https:\/\/zjarr.tv\/sq\/wp-json\/wp\/v2\/users\/2013"}],"replies":[{"embeddable":true,"href":"https:\/\/zjarr.tv\/sq\/wp-json\/wp\/v2\/comments?post=111651"}],"version-history":[{"count":0,"href":"https:\/\/zjarr.tv\/sq\/wp-json\/wp\/v2\/posts\/111651\/revisions"}],"wp:featuredmedia":[{"embeddable":true,"href":"https:\/\/zjarr.tv\/sq\/wp-json\/wp\/v2\/media\/111652"}],"wp:attachment":[{"href":"https:\/\/zjarr.tv\/sq\/wp-json\/wp\/v2\/media?parent=111651"}],"wp:term":[{"taxonomy":"category","embeddable":true,"href":"https:\/\/zjarr.tv\/sq\/wp-json\/wp\/v2\/categories?post=111651"},{"taxonomy":"post_tag","embeddable":true,"href":"https:\/\/zjarr.tv\/sq\/wp-json\/wp\/v2\/tags?post=111651"}],"curies":[{"name":"wp","href":"https:\/\/api.w.org\/{rel}","templated":true}]}}