{"id":111656,"date":"2019-10-27T13:33:06","date_gmt":"2019-10-27T12:33:06","guid":{"rendered":"https:\/\/zjarr.tv\/?p=111656"},"modified":"2019-10-27T13:33:06","modified_gmt":"2019-10-27T12:33:06","slug":"aksident-i-forte-ne-byshek-te-elbasanit","status":"publish","type":"post","link":"https:\/\/zjarr.tv\/sq\/aksident-i-forte-ne-byshek-te-elbasanit\/","title":{"rendered":"Aksident i fort\u00eb n\u00eb Byshek t\u00eb Elbasanit"},"content":{"rendered":"<p>Nj\u00eb aksident i r\u00ebnd\u00eb ka ndodhurgjat\u00eb dit\u00ebs s\u00eb\u00a0sotme ne fashtin Byshek t\u00eb Elbasnit kur nje moto\u00e7iklet\u00eb \u00ebsht\u00eb p\u00ebrplasur me nja makin\u00eb Benz.<\/p>\n<p><strong>Ja njoftimi i policis\u00eb:<\/strong><\/p>\n<p>Elbasan\/ Informacion paraprak<\/p>\n<div id=\"rekl-13\">\n<div id=\"__sap-ad-15\" class=\"__sap-ads __sap-html tracked\" data-title=\"Credins desktop 08\"><ins><\/p>\n<div id=\"beacon_d5ecbf8e84\"><\/div>\n<p><\/ins><\/div>\n<\/div>\n<p>N\u00eb rrug\u00ebn rurale Elbasan- Shushic\u00eb, n\u00eb fshtin Byshek, drejtuesi D.P., 21 vje\u00e7,\u00a0 banues n\u00eb fshatin Shushic\u00eb , duke drejtuar moto\u00e7iklet\u00ebn \u00ebsht\u00eb p\u00ebrplasur me mjetin tip &#8220;Benz&#8221;, me drejtues shtetasin Xh.C., 53 vje\u00e7,\u00a0 banues n\u00eb fshatin Shushic\u00eb, Elbasan.<\/p>\n<p>Si pasoj\u00eb e aksidentit \u00ebsht\u00eb d\u00ebmtuar drejtuesi i mjetit dhe pasagjeri i moto\u00e7iklet\u00ebs,\u00a0 dhe ndodhen n\u00ebn kujdesin e mjek\u00ebve.<\/p>\n<p>Grupi hetimore ndodhet n\u00eb vendngjarje dhe po punon p\u00ebr zbardhjen e shkakut t\u00eb aksidentit.<\/p>\n","protected":false},"excerpt":{"rendered":"<p>Nj\u00eb aksident i r\u00ebnd\u00eb ka ndodhurgjat\u00eb dit\u00ebs s\u00eb\u00a0sotme ne fashtin Byshek t\u00eb Elbasnit kur nje moto\u00e7iklet\u00eb \u00ebsht\u00eb p\u00ebrplasur me nja makin\u00eb Benz. Ja njoftimi i policis\u00eb: Elbasan\/ Informacion paraprak N\u00eb rrug\u00ebn rurale Elbasan- Shushic\u00eb, n\u00eb fshtin Byshek, drejtuesi D.P., 21 vje\u00e7,\u00a0 banues n\u00eb fshatin Shushic\u00eb , duke drejtuar moto\u00e7iklet\u00ebn \u00ebsht\u00eb p\u00ebrplasur me mjetin tip &#8220;Benz&#8221;, [&hellip;]<\/p>\n","protected":false},"author":2013,"featured_media":111657,"comment_status":"open","ping_status":"closed","sticky":false,"template":"","format":"standard","meta":{"footnotes":""},"categories":[241,235],"tags":[],"class_list":{"0":"post-111656","1":"post","2":"type-post","3":"status-publish","4":"format-standard","5":"has-post-thumbnail","7":"category-aktualitet","8":"category-vendi"},"_links":{"self":[{"href":"https:\/\/zjarr.tv\/sq\/wp-json\/wp\/v2\/posts\/111656","targetHints":{"allow":["GET"]}}],"collection":[{"href":"https:\/\/zjarr.tv\/sq\/wp-json\/wp\/v2\/posts"}],"about":[{"href":"https:\/\/zjarr.tv\/sq\/wp-json\/wp\/v2\/types\/post"}],"author":[{"embeddable":true,"href":"https:\/\/zjarr.tv\/sq\/wp-json\/wp\/v2\/users\/2013"}],"replies":[{"embeddable":true,"href":"https:\/\/zjarr.tv\/sq\/wp-json\/wp\/v2\/comments?post=111656"}],"version-history":[{"count":0,"href":"https:\/\/zjarr.tv\/sq\/wp-json\/wp\/v2\/posts\/111656\/revisions"}],"wp:featuredmedia":[{"embeddable":true,"href":"https:\/\/zjarr.tv\/sq\/wp-json\/wp\/v2\/media\/111657"}],"wp:attachment":[{"href":"https:\/\/zjarr.tv\/sq\/wp-json\/wp\/v2\/media?parent=111656"}],"wp:term":[{"taxonomy":"category","embeddable":true,"href":"https:\/\/zjarr.tv\/sq\/wp-json\/wp\/v2\/categories?post=111656"},{"taxonomy":"post_tag","embeddable":true,"href":"https:\/\/zjarr.tv\/sq\/wp-json\/wp\/v2\/tags?post=111656"}],"curies":[{"name":"wp","href":"https:\/\/api.w.org\/{rel}","templated":true}]}}