{"id":111661,"date":"2019-10-27T13:34:58","date_gmt":"2019-10-27T12:34:58","guid":{"rendered":"https:\/\/zjarr.tv\/?p=111661"},"modified":"2019-10-27T13:34:58","modified_gmt":"2019-10-27T12:34:58","slug":"nese-nje-dite-kryeminister-ndoka-tregon-cdo-bente-me-karrigen-e-rames","status":"publish","type":"post","link":"https:\/\/zjarr.tv\/sq\/nese-nje-dite-kryeminister-ndoka-tregon-cdo-bente-me-karrigen-e-rames\/","title":{"rendered":"N\u00ebse nj\u00eb dit\u00eb kryeminist\u00ebr, Ndoka tregon \u00e7&#8217;do b\u00ebnte me karrigen e Ram\u00ebs"},"content":{"rendered":"<p>E mbushur me batuta\u00a0dhe mesazhe politike, ka q\u00ebn\u00eb p\u00ebrfshirja e\u00a0Kryetarit t\u00eb PDK, Nard Ndoka, n\u00eb nj\u00eb bashk\u00ebbisedim arg\u00ebtues televiziv, \u201cCasa de los 3s\u201d drejtuar nga Dajana Shabani n\u00eb Ora. Ndok\u00ebs \u00a0iu b\u00ebn\u00eb dy pyetje pikante nd\u00ebr t\u00eb tjera dhe dhe ja si u p\u00ebrgjigj politikani.<\/p>\n<p><strong>Dajana: N\u00ebse nj\u00eb dit\u00eb do t\u00eb uleshit n\u00eb karrigen e Kryeministrit,\u00a0 do t\u00eb merrnit mesazhe nga Rama, Berisha apo Nano?<\/strong><\/p>\n<p><strong>Ndoka:<\/strong> \u00a0Karrigen e Ram\u00ebs do ta laja si fillim, do t\u2019i b\u00ebja nj\u00eb lavazh p\u00ebrpara se t\u00eb ulesha, nd\u00ebrsa&#8230;.<\/p>\n<p><strong>Dajana: N\u00eb \u00e7far\u00eb sensi?! M\u00eb fal, \u00eb\u00eb, se jam bionde dhe s\u2019i kap gjithmon\u00eb!<\/strong><\/p>\n<p><strong>Ndoka:<\/strong>\u00a0N\u00eb sensin e m\u00ebkateve, m\u00ebkateve t\u00eb qeverisjes&#8230;\u00a0jo k\u00ebshtu!<\/p>\n<p><strong>Dajana: Se helbete, na shkon mendja&#8230;<\/strong><\/p>\n<p><strong>Ndoka.\u00a0<\/strong>Jo, se edhe p\u00ebr\u00a0pjes\u00ebn e higjen\u00ebs e do nj\u00eb dor\u00eb, por nuk \u00ebsht\u00eb si model e kam fjal\u00ebn. Nd\u00ebrsa Berisha \u00ebsht\u00eb nj\u00eb personazh, q\u00eb merret di\u00e7ka prej tij, ka gj\u00ebra pozitive. Kush ishte tjet\u00ebr?<\/p>\n<p><strong>Dajana: Fatos Nano&#8230;<\/strong>.<\/p>\n<p><strong>Ndoka:<\/strong>\u00a0Nano ka q\u00ebn\u00eb nj\u00eb shtetar i mir\u00eb, pavar\u00ebsisht se ka q\u00ebn\u00eb i pap\u00ebrgjegjsh\u00ebm. S\u2019kam lidhje me pijen e tij, se ishte pijedash\u00ebs,\u00a0po nuk e marr\u00a0at\u00eb pjes\u00ebn e vesit. K\u00ebshtu q\u00eb un\u00eb parap\u00eblqej m\u00eb shum\u00eb Berish\u00ebn\u00a0si model.<\/p>\n","protected":false},"excerpt":{"rendered":"<p>E mbushur me batuta\u00a0dhe mesazhe politike, ka q\u00ebn\u00eb p\u00ebrfshirja e\u00a0Kryetarit t\u00eb PDK, Nard Ndoka, n\u00eb nj\u00eb bashk\u00ebbisedim arg\u00ebtues televiziv, \u201cCasa de los 3s\u201d drejtuar nga Dajana Shabani n\u00eb Ora. Ndok\u00ebs \u00a0iu b\u00ebn\u00eb dy pyetje pikante nd\u00ebr t\u00eb tjera dhe dhe ja si u p\u00ebrgjigj politikani. Dajana: N\u00ebse nj\u00eb dit\u00eb do t\u00eb uleshit n\u00eb karrigen e [&hellip;]<\/p>\n","protected":false},"author":2013,"featured_media":89482,"comment_status":"open","ping_status":"closed","sticky":false,"template":"","format":"standard","meta":{"footnotes":""},"categories":[241,235],"tags":[],"class_list":{"0":"post-111661","1":"post","2":"type-post","3":"status-publish","4":"format-standard","5":"has-post-thumbnail","7":"category-aktualitet","8":"category-vendi"},"_links":{"self":[{"href":"https:\/\/zjarr.tv\/sq\/wp-json\/wp\/v2\/posts\/111661","targetHints":{"allow":["GET"]}}],"collection":[{"href":"https:\/\/zjarr.tv\/sq\/wp-json\/wp\/v2\/posts"}],"about":[{"href":"https:\/\/zjarr.tv\/sq\/wp-json\/wp\/v2\/types\/post"}],"author":[{"embeddable":true,"href":"https:\/\/zjarr.tv\/sq\/wp-json\/wp\/v2\/users\/2013"}],"replies":[{"embeddable":true,"href":"https:\/\/zjarr.tv\/sq\/wp-json\/wp\/v2\/comments?post=111661"}],"version-history":[{"count":0,"href":"https:\/\/zjarr.tv\/sq\/wp-json\/wp\/v2\/posts\/111661\/revisions"}],"wp:featuredmedia":[{"embeddable":true,"href":"https:\/\/zjarr.tv\/sq\/wp-json\/wp\/v2\/media\/89482"}],"wp:attachment":[{"href":"https:\/\/zjarr.tv\/sq\/wp-json\/wp\/v2\/media?parent=111661"}],"wp:term":[{"taxonomy":"category","embeddable":true,"href":"https:\/\/zjarr.tv\/sq\/wp-json\/wp\/v2\/categories?post=111661"},{"taxonomy":"post_tag","embeddable":true,"href":"https:\/\/zjarr.tv\/sq\/wp-json\/wp\/v2\/tags?post=111661"}],"curies":[{"name":"wp","href":"https:\/\/api.w.org\/{rel}","templated":true}]}}