{"id":111666,"date":"2019-10-27T13:38:41","date_gmt":"2019-10-27T12:38:41","guid":{"rendered":"https:\/\/zjarr.tv\/?p=111666"},"modified":"2019-10-27T13:38:41","modified_gmt":"2019-10-27T12:38:41","slug":"plagoset-me-thike-16-vjecari-ne-durres-emri","status":"publish","type":"post","link":"https:\/\/zjarr.tv\/sq\/plagoset-me-thike-16-vjecari-ne-durres-emri\/","title":{"rendered":"Plagoset me thik\u00eb 16-vje\u00e7ari n\u00eb Durr\u00ebs. Emri"},"content":{"rendered":"<div class=\"readmore-text-here\">\n<p>Nj\u00eb ngjarj\u00eb e r\u00ebnd\u00eb \u00ebsht\u00eb sh\u00ebnuar gjat\u00eb dit\u00ebs s\u00eb sotme n\u00eb Durr\u00ebs. Gjat\u00eb nj\u00eb p\u00ebrleshje ka mbetur i plagosur nj\u00eb person.<\/p>\n<p>Ngjarja \u00ebsht\u00eb sh\u00ebnuar n\u00eb lagjen 17 ku ka mbetur i plagosuar Klevi Qosja.<\/p>\n<p>Ai \u00ebsht\u00eb goditur me thik\u00eb dhe ndodhet n\u00eb spital n\u00ebn kujdesin mjek\u00ebsor.<\/p>\n<div id=\"rekl-13\">\n<div id=\"__sap-ad-15\" class=\"__sap-ads __sap-html tracked\" data-title=\"Credins desktop 08\"><ins><\/p>\n<div id=\"beacon_b6c68c3961\"><\/div>\n<p><\/ins><\/div>\n<\/div>\n<p><iframe loading=\"lazy\" src=\"https:\/\/video.syri.net\/embed\/rB4p4rX2phex7FB\" width=\"700\" height=\"400\" frameborder=\"0\" allowfullscreen=\"allowfullscreen\" data-mce-fragment=\"1\"><\/iframe><\/p>\n<\/div>\n<div id=\"rekl-33\"><\/div>\n<p>&nbsp;<\/p>\n","protected":false},"excerpt":{"rendered":"<p>Nj\u00eb ngjarj\u00eb e r\u00ebnd\u00eb \u00ebsht\u00eb sh\u00ebnuar gjat\u00eb dit\u00ebs s\u00eb sotme n\u00eb Durr\u00ebs. Gjat\u00eb nj\u00eb p\u00ebrleshje ka mbetur i plagosur nj\u00eb person. Ngjarja \u00ebsht\u00eb sh\u00ebnuar n\u00eb lagjen 17 ku ka mbetur i plagosuar Klevi Qosja. Ai \u00ebsht\u00eb goditur me thik\u00eb dhe ndodhet n\u00eb spital n\u00ebn kujdesin mjek\u00ebsor. &nbsp;<\/p>\n","protected":false},"author":2013,"featured_media":111667,"comment_status":"open","ping_status":"closed","sticky":false,"template":"","format":"standard","meta":{"footnotes":""},"categories":[241,235],"tags":[],"class_list":{"0":"post-111666","1":"post","2":"type-post","3":"status-publish","4":"format-standard","5":"has-post-thumbnail","7":"category-aktualitet","8":"category-vendi"},"_links":{"self":[{"href":"https:\/\/zjarr.tv\/sq\/wp-json\/wp\/v2\/posts\/111666","targetHints":{"allow":["GET"]}}],"collection":[{"href":"https:\/\/zjarr.tv\/sq\/wp-json\/wp\/v2\/posts"}],"about":[{"href":"https:\/\/zjarr.tv\/sq\/wp-json\/wp\/v2\/types\/post"}],"author":[{"embeddable":true,"href":"https:\/\/zjarr.tv\/sq\/wp-json\/wp\/v2\/users\/2013"}],"replies":[{"embeddable":true,"href":"https:\/\/zjarr.tv\/sq\/wp-json\/wp\/v2\/comments?post=111666"}],"version-history":[{"count":0,"href":"https:\/\/zjarr.tv\/sq\/wp-json\/wp\/v2\/posts\/111666\/revisions"}],"wp:featuredmedia":[{"embeddable":true,"href":"https:\/\/zjarr.tv\/sq\/wp-json\/wp\/v2\/media\/111667"}],"wp:attachment":[{"href":"https:\/\/zjarr.tv\/sq\/wp-json\/wp\/v2\/media?parent=111666"}],"wp:term":[{"taxonomy":"category","embeddable":true,"href":"https:\/\/zjarr.tv\/sq\/wp-json\/wp\/v2\/categories?post=111666"},{"taxonomy":"post_tag","embeddable":true,"href":"https:\/\/zjarr.tv\/sq\/wp-json\/wp\/v2\/tags?post=111666"}],"curies":[{"name":"wp","href":"https:\/\/api.w.org\/{rel}","templated":true}]}}