{"id":111675,"date":"2019-10-27T14:01:29","date_gmt":"2019-10-27T13:01:29","guid":{"rendered":"https:\/\/zjarr.tv\/?p=111675"},"modified":"2019-10-27T14:01:29","modified_gmt":"2019-10-27T13:01:29","slug":"mbi-350-mije-protestues-neper-rruget-e-barcelones","status":"publish","type":"post","link":"https:\/\/zjarr.tv\/sq\/mbi-350-mije-protestues-neper-rruget-e-barcelones\/","title":{"rendered":"Mbi 350 mij\u00eb protestues n\u00ebp\u00ebr rrug\u00ebt e Barcelon\u00ebs"},"content":{"rendered":"<p>Mbi 350 mij\u00eb persona kan\u00eb protestuar n\u00eb Barcelon\u00eb lidhur me burgosjen e nj\u00eb lideri separatist nga rajoni i Katalonias, tha policia.<\/p>\n<p>Marshimi paq\u00ebsor ishte organizuar p\u00ebr t\u00eb mb\u00ebshtetur l\u00ebvizjen e m\u00ebvet\u00ebsis\u00eb s\u00eb Katalonias. Protesta u b\u00eb e dhunshme t\u00eb shtun\u00ebn n\u00eb mbr\u00ebmje n\u00eb momentin kur protestuesit sulmuan godin\u00ebn e policis\u00eb.<\/p>\n<p>Protestat pritet q\u00eb t\u00eb mbahen dhe n\u00eb qytete t\u00eb tjera t\u00eb diel\u00ebn.<\/p>\n<p>N\u00ebnt\u00eb lider\u00eb separatist\u00eb u burgos\u00ebn m\u00eb 14 tetor nga \u00a0Gjykata Supreme e Spanj\u00ebs p\u00ebr nj\u00eb d\u00ebnim 9- 13 vjet burg.<\/p>\n<p>Dit\u00ebt pas vendimit u shoq\u00ebruan me protestat m\u00eb t\u00eb dhunshme n\u00eb historin\u00eb e l\u00ebvizjes p\u00ebr pavar\u00ebsi e cila krenohej p\u00ebr veprime paq\u00ebsore.<\/p>\n","protected":false},"excerpt":{"rendered":"<p>Mbi 350 mij\u00eb persona kan\u00eb protestuar n\u00eb Barcelon\u00eb lidhur me burgosjen e nj\u00eb lideri separatist nga rajoni i Katalonias, tha policia. Marshimi paq\u00ebsor ishte organizuar p\u00ebr t\u00eb mb\u00ebshtetur l\u00ebvizjen e m\u00ebvet\u00ebsis\u00eb s\u00eb Katalonias. Protesta u b\u00eb e dhunshme t\u00eb shtun\u00ebn n\u00eb mbr\u00ebmje n\u00eb momentin kur protestuesit sulmuan godin\u00ebn e policis\u00eb. Protestat pritet q\u00eb t\u00eb mbahen [&hellip;]<\/p>\n","protected":false},"author":2013,"featured_media":111676,"comment_status":"open","ping_status":"closed","sticky":false,"template":"","format":"standard","meta":{"footnotes":""},"categories":[241,191],"tags":[],"class_list":{"0":"post-111675","1":"post","2":"type-post","3":"status-publish","4":"format-standard","5":"has-post-thumbnail","7":"category-aktualitet","8":"category-bota"},"_links":{"self":[{"href":"https:\/\/zjarr.tv\/sq\/wp-json\/wp\/v2\/posts\/111675","targetHints":{"allow":["GET"]}}],"collection":[{"href":"https:\/\/zjarr.tv\/sq\/wp-json\/wp\/v2\/posts"}],"about":[{"href":"https:\/\/zjarr.tv\/sq\/wp-json\/wp\/v2\/types\/post"}],"author":[{"embeddable":true,"href":"https:\/\/zjarr.tv\/sq\/wp-json\/wp\/v2\/users\/2013"}],"replies":[{"embeddable":true,"href":"https:\/\/zjarr.tv\/sq\/wp-json\/wp\/v2\/comments?post=111675"}],"version-history":[{"count":0,"href":"https:\/\/zjarr.tv\/sq\/wp-json\/wp\/v2\/posts\/111675\/revisions"}],"wp:featuredmedia":[{"embeddable":true,"href":"https:\/\/zjarr.tv\/sq\/wp-json\/wp\/v2\/media\/111676"}],"wp:attachment":[{"href":"https:\/\/zjarr.tv\/sq\/wp-json\/wp\/v2\/media?parent=111675"}],"wp:term":[{"taxonomy":"category","embeddable":true,"href":"https:\/\/zjarr.tv\/sq\/wp-json\/wp\/v2\/categories?post=111675"},{"taxonomy":"post_tag","embeddable":true,"href":"https:\/\/zjarr.tv\/sq\/wp-json\/wp\/v2\/tags?post=111675"}],"curies":[{"name":"wp","href":"https:\/\/api.w.org\/{rel}","templated":true}]}}