{"id":111689,"date":"2019-10-27T15:50:19","date_gmt":"2019-10-27T14:50:19","guid":{"rendered":"https:\/\/zjarr.tv\/?p=111689"},"modified":"2019-10-27T15:50:19","modified_gmt":"2019-10-27T14:50:19","slug":"parlamenti-nis-punen-per-zgjedhjen-e-anetareve-te-kushtetueses","status":"publish","type":"post","link":"https:\/\/zjarr.tv\/sq\/parlamenti-nis-punen-per-zgjedhjen-e-anetareve-te-kushtetueses\/","title":{"rendered":"Parlamenti nis pun\u00ebn p\u00ebr zgjedhjen e an\u00ebtar\u00ebve t\u00eb Kushtetueses"},"content":{"rendered":"<p>Parlamenti do t\u00eb nis\u00eb t\u00eb mart\u00ebn, dat\u00eb 29 tetor, procedurat p\u00ebr zgjedhjen e dy an\u00ebtar\u00ebve t\u00eb rinj t\u00eb Gjykat\u00ebs Kushtetuese. Komisioni Parlamentar i Ligjeve do t\u00eb d\u00ebgjoj\u00eb kandidat\u00ebt, t\u00eb cil\u00ebt aspirojn\u00eb q\u00eb t\u00eb jen\u00eb an\u00ebtar\u00eb n\u00eb institucionin m\u00eb t\u00eb lart\u00eb q\u00eb garanton mbrojtjen e Kushtetut\u00ebs.<\/p>\n<p>Para komisionit t\u00eb ligjeve do t\u00eb dalin 3 emra edhe pse n\u00eb 14 tetor K\u00ebshilli i Em\u00ebrimeve n\u00eb drejt\u00ebsi i d\u00ebrgoi Parlamentit 4 kandidat\u00eb. Kjo p\u00ebr faktin se nj\u00ebri prej tyre, Besnik Mu\u00e7i, tashm\u00eb ka nisur pun\u00eb si an\u00ebtar i Gjykat\u00ebs Kushtetuese i zgjedhur nga presidenti Ilir Meta.<\/p>\n<p>Ashtu si\u00e7 veprohet me \u00e7do kandidat q\u00eb zgjidhet nga parlamenti Komisioni i Ligjeve ka detyrimin q\u00eb pas seanc\u00ebs d\u00ebgjimore t\u00eb hartoj\u00eb nj\u00eb raport p\u00ebr secilin prej jurist\u00ebve p\u00ebr t\u2019ia p\u00ebrcjell\u00eb m\u00eb pas Parlamentit q\u00eb vendos me 84 vota se cil\u00ebt do t\u00eb jen\u00eb dy an\u00ebtaret e rinj t\u00eb Gjykat\u00ebs Kushtetuese. Votimin e kandidat\u00ebve parlamenti e ka vendosur ta zhvilloj\u00eb n\u00eb 14 n\u00ebntor, pothuajse n\u00eb afatet e fundit q\u00eb i njeh Kushtetuta. N\u00ebqoft\u00ebse nuk merret vendim brenda 30 dit\u00ebve, automatikisht kandidati me m\u00eb shum\u00eb pik\u00eb b\u00ebhet an\u00ebtar i Kushtetueses.<\/p>\n<p>Nd\u00ebrkoh\u00eb pas zgjedhjes s\u00eb emrit t\u00eb par\u00eb, kreu i shtetit Ilir Meta ka afat deri n\u00eb 8 n\u00ebntor p\u00ebr t\u00eb zgjedhur nj\u00eb tjet\u00ebr n\u00eb k\u00ebt\u00eb gjykat\u00eb, duke plot\u00ebsuar dy vende vakante. Me votimin e Kuvendit me 14 n\u00ebntor Gjykata Kushtetuese do t\u00eb ket\u00eb 5 an\u00ebtar\u00eb nd\u00ebrsa i duhet t\u00eb pres\u00eb edhe pak p\u00ebr an\u00ebtarin e 6-t\u00eb q\u00eb do t\u00eb b\u00ebnte funksional k\u00ebt\u00eb institucion pas m\u00eb shum\u00eb se 2 vitesh bllokim.<\/p>\n","protected":false},"excerpt":{"rendered":"<p>Parlamenti do t\u00eb nis\u00eb t\u00eb mart\u00ebn, dat\u00eb 29 tetor, procedurat p\u00ebr zgjedhjen e dy an\u00ebtar\u00ebve t\u00eb rinj t\u00eb Gjykat\u00ebs Kushtetuese. Komisioni Parlamentar i Ligjeve do t\u00eb d\u00ebgjoj\u00eb kandidat\u00ebt, t\u00eb cil\u00ebt aspirojn\u00eb q\u00eb t\u00eb jen\u00eb an\u00ebtar\u00eb n\u00eb institucionin m\u00eb t\u00eb lart\u00eb q\u00eb garanton mbrojtjen e Kushtetut\u00ebs. Para komisionit t\u00eb ligjeve do t\u00eb dalin 3 emra edhe [&hellip;]<\/p>\n","protected":false},"author":2013,"featured_media":89233,"comment_status":"open","ping_status":"closed","sticky":false,"template":"","format":"standard","meta":{"footnotes":""},"categories":[241,235],"tags":[],"class_list":{"0":"post-111689","1":"post","2":"type-post","3":"status-publish","4":"format-standard","5":"has-post-thumbnail","7":"category-aktualitet","8":"category-vendi"},"_links":{"self":[{"href":"https:\/\/zjarr.tv\/sq\/wp-json\/wp\/v2\/posts\/111689","targetHints":{"allow":["GET"]}}],"collection":[{"href":"https:\/\/zjarr.tv\/sq\/wp-json\/wp\/v2\/posts"}],"about":[{"href":"https:\/\/zjarr.tv\/sq\/wp-json\/wp\/v2\/types\/post"}],"author":[{"embeddable":true,"href":"https:\/\/zjarr.tv\/sq\/wp-json\/wp\/v2\/users\/2013"}],"replies":[{"embeddable":true,"href":"https:\/\/zjarr.tv\/sq\/wp-json\/wp\/v2\/comments?post=111689"}],"version-history":[{"count":0,"href":"https:\/\/zjarr.tv\/sq\/wp-json\/wp\/v2\/posts\/111689\/revisions"}],"wp:featuredmedia":[{"embeddable":true,"href":"https:\/\/zjarr.tv\/sq\/wp-json\/wp\/v2\/media\/89233"}],"wp:attachment":[{"href":"https:\/\/zjarr.tv\/sq\/wp-json\/wp\/v2\/media?parent=111689"}],"wp:term":[{"taxonomy":"category","embeddable":true,"href":"https:\/\/zjarr.tv\/sq\/wp-json\/wp\/v2\/categories?post=111689"},{"taxonomy":"post_tag","embeddable":true,"href":"https:\/\/zjarr.tv\/sq\/wp-json\/wp\/v2\/tags?post=111689"}],"curies":[{"name":"wp","href":"https:\/\/api.w.org\/{rel}","templated":true}]}}