{"id":111691,"date":"2019-10-27T15:51:00","date_gmt":"2019-10-27T14:51:00","guid":{"rendered":"https:\/\/zjarr.tv\/?p=111691"},"modified":"2019-10-27T15:51:00","modified_gmt":"2019-10-27T14:51:00","slug":"kpk-vonon-formimin-e-spak-nuk-vendos-ne-kalendar-4-prokuroret-kandidate","status":"publish","type":"post","link":"https:\/\/zjarr.tv\/sq\/kpk-vonon-formimin-e-spak-nuk-vendos-ne-kalendar-4-prokuroret-kandidate\/","title":{"rendered":"KPK vonon formimin e SPAK, nuk vendos n\u00eb kalendar 4 prokuror\u00ebt kandidat\u00eb"},"content":{"rendered":"<p>Thirrja e kreut t\u00eb KLP-s\u00eb Genti Ibrahimi drejtuar Komisionit t\u00eb Pavarur t\u00eb Kualifikimit p\u00ebr t\u00eb kaluar n\u00eb vetting me prioritet list\u00ebn e prokuror\u00ebve kandidat\u00eb p\u00ebr SPAK duket se ka r\u00ebn\u00eb n\u00eb vesh t\u00eb shurdh\u00ebr.<\/p>\n<p>KPK nuk ka futur n\u00eb kalendarin e k\u00ebsaj jav\u00eb asnj\u00eb nga 4 kandidat\u00ebt, t\u00eb cil\u00ebt ende nuk kane kaluar n\u00eb kontroll edhe pse jan\u00eb t\u00eb listuar n\u00eb 15 t\u00eb p\u00ebrzgjedhurit e KLP si\u00e7 jan\u00eb Anton Martini, Elisabeta Imeraj, Doloreza Musabelliu dhe Anila Jella.<\/p>\n<p>Kjo ka ndodhur edhe nj\u00eb jav\u00eb m\u00eb par\u00eb ku asnj\u00eb nga k\u00ebta prokuror\u00eb nuk u thirr\u00ebn p\u00ebr t\u00eb kryer vettingun duke sjell\u00eb s\u00ebrish vonesa t\u00eb pashmangshme n\u00eb plot\u00ebsimin e SPAK me organik\u00ebn e plot\u00eb t\u00eb saj. Bazuar n\u00eb verifikimin e rezultateve t\u00eb tri jav\u00ebve t\u00eb fundit duket se KPK ka ngadal\u00ebsuar pun\u00ebn n\u00eb vler\u00ebsimin e gjyqtar\u00ebve dhe prokuror\u00ebve pasi jan\u00eb vler\u00ebsuar vet\u00ebm tre subjekte, nd\u00ebrkoh\u00eb q\u00eb asnj\u00ebri prej tyre nuk \u00ebsht\u00eb n\u00eb list\u00ebn e SPAK-ut. K\u00ebt\u00eb vonese dhe mosangazhim t\u00eb KPK-s\u00eb e ngriti si shqet\u00ebsim edhe pas mbledhjes se fundit kreu i KLP-s\u00eb.<\/p>\n<p><strong>Gent Ibrahimi:<\/strong>\u00a0<em>\u201cN\u00eb dat\u00ebn 16 korrik i kemi d\u00ebrguar institucioneve t\u00eb vettingut nj\u00eb list\u00eb me 15 emra. Ishin 15 prokuror\u00ebt q\u00eb ne p\u00ebrzgjodh\u00ebm si kandidat\u00eb p\u00ebr Prokurorin\u00eb e Posa\u00e7me, q\u00eb do t\u00eb duhet t\u00eb kishin kaluar procesin e vettingut n\u00eb k\u00ebto 3 muaj e gjysm\u00eb.\u201d<\/em><\/p>\n<p>Nj\u00eb jav\u00eb m\u00eb par\u00eb KPK finalizoi vettingun p\u00ebr prokuroren Sonila Muhameti, e cila e kaloi filtrat nd\u00ebrsa k\u00ebt\u00eb jav\u00eb n\u00eb kalendar \u00ebsht\u00eb shpallur vet\u00ebm Hajrie Mu\u00e7mataj, gjyqtare n\u00eb Gjykat\u00ebn e Apelit t\u00eb Shkodr\u00ebs nd\u00ebrkoh\u00eb q\u00eb asnj\u00eb nga dy emrat nuk kandidon p\u00ebr institucionet e reja si Gjykata e Posa\u00e7me dhe prokuroria e SPAK, duke mos qen\u00eb n\u00eb list\u00ebn prioritare. P\u00ebr afro dy vite KPK ka konfirmuar n\u00eb detyr\u00eb 84 gjyqtar\u00eb dhe prokuror\u00eb nd\u00ebrsa ka shkarkuar nga sistemi i drejt\u00ebsis\u00eb 72 subjekte.<\/p>\n","protected":false},"excerpt":{"rendered":"<p>Thirrja e kreut t\u00eb KLP-s\u00eb Genti Ibrahimi drejtuar Komisionit t\u00eb Pavarur t\u00eb Kualifikimit p\u00ebr t\u00eb kaluar n\u00eb vetting me prioritet list\u00ebn e prokuror\u00ebve kandidat\u00eb p\u00ebr SPAK duket se ka r\u00ebn\u00eb n\u00eb vesh t\u00eb shurdh\u00ebr. KPK nuk ka futur n\u00eb kalendarin e k\u00ebsaj jav\u00eb asnj\u00eb nga 4 kandidat\u00ebt, t\u00eb cil\u00ebt ende nuk kane kaluar n\u00eb kontroll [&hellip;]<\/p>\n","protected":false},"author":2013,"featured_media":107501,"comment_status":"open","ping_status":"closed","sticky":false,"template":"","format":"standard","meta":{"footnotes":""},"categories":[241,235],"tags":[],"class_list":{"0":"post-111691","1":"post","2":"type-post","3":"status-publish","4":"format-standard","5":"has-post-thumbnail","7":"category-aktualitet","8":"category-vendi"},"_links":{"self":[{"href":"https:\/\/zjarr.tv\/sq\/wp-json\/wp\/v2\/posts\/111691","targetHints":{"allow":["GET"]}}],"collection":[{"href":"https:\/\/zjarr.tv\/sq\/wp-json\/wp\/v2\/posts"}],"about":[{"href":"https:\/\/zjarr.tv\/sq\/wp-json\/wp\/v2\/types\/post"}],"author":[{"embeddable":true,"href":"https:\/\/zjarr.tv\/sq\/wp-json\/wp\/v2\/users\/2013"}],"replies":[{"embeddable":true,"href":"https:\/\/zjarr.tv\/sq\/wp-json\/wp\/v2\/comments?post=111691"}],"version-history":[{"count":0,"href":"https:\/\/zjarr.tv\/sq\/wp-json\/wp\/v2\/posts\/111691\/revisions"}],"wp:featuredmedia":[{"embeddable":true,"href":"https:\/\/zjarr.tv\/sq\/wp-json\/wp\/v2\/media\/107501"}],"wp:attachment":[{"href":"https:\/\/zjarr.tv\/sq\/wp-json\/wp\/v2\/media?parent=111691"}],"wp:term":[{"taxonomy":"category","embeddable":true,"href":"https:\/\/zjarr.tv\/sq\/wp-json\/wp\/v2\/categories?post=111691"},{"taxonomy":"post_tag","embeddable":true,"href":"https:\/\/zjarr.tv\/sq\/wp-json\/wp\/v2\/tags?post=111691"}],"curies":[{"name":"wp","href":"https:\/\/api.w.org\/{rel}","templated":true}]}}