{"id":111764,"date":"2019-10-28T15:37:39","date_gmt":"2019-10-28T14:37:39","guid":{"rendered":"https:\/\/zjarr.tv\/?p=111764"},"modified":"2019-10-28T15:37:39","modified_gmt":"2019-10-28T14:37:39","slug":"koalicion-per-bashkeqeverisje-takohen-zyrtaret-e-ldk-se-e-vv-se","status":"publish","type":"post","link":"https:\/\/zjarr.tv\/sq\/koalicion-per-bashkeqeverisje-takohen-zyrtaret-e-ldk-se-e-vv-se\/","title":{"rendered":"Koalicion p\u00ebr bashk\u00ebqeverisje\/ Takohen zyrtar\u00ebt e LDK-s\u00eb e VV-s\u00eb"},"content":{"rendered":"<p>Takimi mes zyrtar\u00ebve t\u00eb Lidhjes Demokratike t\u00eb Kosov\u00ebs dhe L\u00ebvizjes Vet\u00ebvendosje ka filluar n\u00eb Prishtin\u00eb.<\/p>\n<p>N\u00eb takim nga LDK-ja jan\u00eb Avdullah Hoti, Hykmete Bajrami, Besnik Krasniqi dhe Lumir Abdixhiku, nd\u00ebrsa nga LVV-ja jan\u00eb Besnik Bislimi, Hekuran Murati dhe Glauk Konjufca.<\/p>\n<div id=\"rekl-28\"><\/div>\n<p>Ky \u00ebsht\u00eb takimi i radh\u00ebs mes zyrtar\u00ebve t\u00eb dy partive me synimin p\u00ebr t\u00eb harmonizuar q\u00ebndrimet e tyre programore p\u00ebr nj\u00eb koalicion t\u00eb mundsh\u00ebm qeveris\u00ebs.<\/p>\n<div id=\"rekl-13\">\n<div id=\"__sap-ad-15\" class=\"__sap-ads __sap-html tracked\" data-title=\"Credins desktop 08\"><ins><\/p>\n<div id=\"beacon_b990caf99f\"><img loading=\"lazy\" decoding=\"async\" src=\"https:\/\/ads1.medium.al\/www\/delivery\/lg.php?bannerid=369&amp;campaignid=48&amp;zoneid=232&amp;loc=https%3A%2F%2Fwww.syri.net%2Fpolitike%2F290217%2Fkoalicion-per-bashkeqeverisje-takohen-zyrtaret-e-ldk-se-e-vv-se%2F&amp;referer=https%3A%2F%2Fwww.syri.net%2Flajme%2F&amp;cb=b990caf99f\" alt=\"\" width=\"0\" height=\"0\" \/><\/div>\n<p><\/ins><\/div>\n<\/div>\n<p>N\u00eb k\u00ebt\u00eb takim pritet t\u00eb diskutohet p\u00ebr \u00e7\u00ebshtje ekonomike, nd\u00ebrsa kreu i VV-s\u00eb, Albin Kurti, ka th\u00ebn\u00eb se shum\u00eb shpejt pritet nj\u00eb takim edhe me kryetarin e LDK-s\u00eb, Isa Mustafa.<\/p>\n","protected":false},"excerpt":{"rendered":"<p>Takimi mes zyrtar\u00ebve t\u00eb Lidhjes Demokratike t\u00eb Kosov\u00ebs dhe L\u00ebvizjes Vet\u00ebvendosje ka filluar n\u00eb Prishtin\u00eb. N\u00eb takim nga LDK-ja jan\u00eb Avdullah Hoti, Hykmete Bajrami, Besnik Krasniqi dhe Lumir Abdixhiku, nd\u00ebrsa nga LVV-ja jan\u00eb Besnik Bislimi, Hekuran Murati dhe Glauk Konjufca. Ky \u00ebsht\u00eb takimi i radh\u00ebs mes zyrtar\u00ebve t\u00eb dy partive me synimin p\u00ebr t\u00eb harmonizuar [&hellip;]<\/p>\n","protected":false},"author":2013,"featured_media":111765,"comment_status":"open","ping_status":"closed","sticky":false,"template":"","format":"standard","meta":{"footnotes":""},"categories":[241,2],"tags":[],"class_list":{"0":"post-111764","1":"post","2":"type-post","3":"status-publish","4":"format-standard","5":"has-post-thumbnail","7":"category-aktualitet","8":"category-rajoni"},"_links":{"self":[{"href":"https:\/\/zjarr.tv\/sq\/wp-json\/wp\/v2\/posts\/111764","targetHints":{"allow":["GET"]}}],"collection":[{"href":"https:\/\/zjarr.tv\/sq\/wp-json\/wp\/v2\/posts"}],"about":[{"href":"https:\/\/zjarr.tv\/sq\/wp-json\/wp\/v2\/types\/post"}],"author":[{"embeddable":true,"href":"https:\/\/zjarr.tv\/sq\/wp-json\/wp\/v2\/users\/2013"}],"replies":[{"embeddable":true,"href":"https:\/\/zjarr.tv\/sq\/wp-json\/wp\/v2\/comments?post=111764"}],"version-history":[{"count":0,"href":"https:\/\/zjarr.tv\/sq\/wp-json\/wp\/v2\/posts\/111764\/revisions"}],"wp:featuredmedia":[{"embeddable":true,"href":"https:\/\/zjarr.tv\/sq\/wp-json\/wp\/v2\/media\/111765"}],"wp:attachment":[{"href":"https:\/\/zjarr.tv\/sq\/wp-json\/wp\/v2\/media?parent=111764"}],"wp:term":[{"taxonomy":"category","embeddable":true,"href":"https:\/\/zjarr.tv\/sq\/wp-json\/wp\/v2\/categories?post=111764"},{"taxonomy":"post_tag","embeddable":true,"href":"https:\/\/zjarr.tv\/sq\/wp-json\/wp\/v2\/tags?post=111764"}],"curies":[{"name":"wp","href":"https:\/\/api.w.org\/{rel}","templated":true}]}}