{"id":111767,"date":"2019-10-28T15:38:26","date_gmt":"2019-10-28T14:38:26","guid":{"rendered":"https:\/\/zjarr.tv\/?p=111767"},"modified":"2019-10-28T15:38:26","modified_gmt":"2019-10-28T14:38:26","slug":"dilni-para-kryeministrise-dhe-mos-levizni-maliqi-brukseli-i-dha-kartonin-e-kuq-rames-ja-arsyet","status":"publish","type":"post","link":"https:\/\/zjarr.tv\/sq\/dilni-para-kryeministrise-dhe-mos-levizni-maliqi-brukseli-i-dha-kartonin-e-kuq-rames-ja-arsyet\/","title":{"rendered":"\u201cDilni para Kryeministris\u00eb dhe mos l\u00ebvizni\u201d! Maliqi: Brukseli i dha kartonin e kuq Ram\u00ebs, ja arsyet"},"content":{"rendered":"<p>Deputeti Lefter Maliqi tha nga Kuvendi se Brukseli i dha qeveris\u00eb s\u00eb Ram\u00ebs kartonin e kuq p\u00ebr negociatat. Sipas Maliqit, ky vendim i BE erdhi pasi Rama nxiu vendin me krim dhe korrupsion, e mbushi me ngjyr\u00eb t\u00eb gjelb\u00ebr, pasi e kanabizoi.<\/p>\n<div id=\"sovrn\" class=\"desktop_ad ad_bottom_space\"><ins><\/ins><\/p>\n<div id=\"onetag-wrapper-3\" class=\"sovrn-onetag-ad\"><\/div>\n<\/div>\n<p>\u201cSi mund t\u00eb hapeshin negociatat kur krimi i organizuar, \u00e7popullimet dhe azilet ekonomike dhe politike, kur jan\u00eb t\u00eb kapura institucionet, kur varf\u00ebria ka pllakosur vendin. K\u00ebta mor\u00ebn n\u00eb qaf\u00eb edhe vendin fqinj, Maqedonin\u00eb e Veriut. Nga t\u2019ia nis nga Berati, nga fshatrat e Tiran\u00ebs, q\u00eb kan\u00eb mbetur pa investime.<\/p>\n<p>Kryetar\u00ebt e Bashkive jan\u00eb kthyer n\u00eb drejtor\u00eb Rajonesh, q\u00eb t\u00eb gjith\u00eb tenderat i realizojn\u00eb dy persona, dhe nj\u00eb person q\u00eb ndodhet n\u00eb krahun e Kryeministrit. Del Kryeministri qesh, hap k\u00ebmb\u00eb e krah\u00eb, kruan kok\u00ebn dhe nuk mban asnj\u00eb p\u00ebrgjegj\u00ebsi. Em\u00ebrimet i kryejn\u00eb 3 persona, nj\u00ebrin q\u00eb e ka n\u00eb krah dhe dy t\u00eb tjer\u00eb.<\/p>\n<p>Nuk mban m\u00eb uj\u00eb pilafi, kriza e r\u00ebnd\u00eb ekonomike dhe politike ka pllakosur k\u00ebt\u00eb vend. Duhet zgjidhje dhe zgjidhja vjen nga zgjedhjet e parakohshme parlamentare dhe bashkiake. K\u00ebta duan t\u00eb varf\u00ebrojn\u00eb popullin q\u00eb ta ken\u00eb n\u00ebn kontroll. Un\u00eb nuk jam as me Bash\u00ebn q\u00eb del b\u00ebn miting atje dhe ndez dritat. Ka ardhur koha q\u00eb njer\u00ebzit t\u00eb dalin para Kryeministris\u00eb dhe t\u00eb mos ikin m\u00eb\u201d, tha Maliqi.<\/p>\n","protected":false},"excerpt":{"rendered":"<p>Deputeti Lefter Maliqi tha nga Kuvendi se Brukseli i dha qeveris\u00eb s\u00eb Ram\u00ebs kartonin e kuq p\u00ebr negociatat. Sipas Maliqit, ky vendim i BE erdhi pasi Rama nxiu vendin me krim dhe korrupsion, e mbushi me ngjyr\u00eb t\u00eb gjelb\u00ebr, pasi e kanabizoi. \u201cSi mund t\u00eb hapeshin negociatat kur krimi i organizuar, \u00e7popullimet dhe azilet ekonomike [&hellip;]<\/p>\n","protected":false},"author":2013,"featured_media":86750,"comment_status":"open","ping_status":"closed","sticky":false,"template":"","format":"standard","meta":{"footnotes":""},"categories":[241,235],"tags":[],"class_list":{"0":"post-111767","1":"post","2":"type-post","3":"status-publish","4":"format-standard","5":"has-post-thumbnail","7":"category-aktualitet","8":"category-vendi"},"_links":{"self":[{"href":"https:\/\/zjarr.tv\/sq\/wp-json\/wp\/v2\/posts\/111767","targetHints":{"allow":["GET"]}}],"collection":[{"href":"https:\/\/zjarr.tv\/sq\/wp-json\/wp\/v2\/posts"}],"about":[{"href":"https:\/\/zjarr.tv\/sq\/wp-json\/wp\/v2\/types\/post"}],"author":[{"embeddable":true,"href":"https:\/\/zjarr.tv\/sq\/wp-json\/wp\/v2\/users\/2013"}],"replies":[{"embeddable":true,"href":"https:\/\/zjarr.tv\/sq\/wp-json\/wp\/v2\/comments?post=111767"}],"version-history":[{"count":0,"href":"https:\/\/zjarr.tv\/sq\/wp-json\/wp\/v2\/posts\/111767\/revisions"}],"wp:featuredmedia":[{"embeddable":true,"href":"https:\/\/zjarr.tv\/sq\/wp-json\/wp\/v2\/media\/86750"}],"wp:attachment":[{"href":"https:\/\/zjarr.tv\/sq\/wp-json\/wp\/v2\/media?parent=111767"}],"wp:term":[{"taxonomy":"category","embeddable":true,"href":"https:\/\/zjarr.tv\/sq\/wp-json\/wp\/v2\/categories?post=111767"},{"taxonomy":"post_tag","embeddable":true,"href":"https:\/\/zjarr.tv\/sq\/wp-json\/wp\/v2\/tags?post=111767"}],"curies":[{"name":"wp","href":"https:\/\/api.w.org\/{rel}","templated":true}]}}