{"id":111776,"date":"2019-10-28T16:45:45","date_gmt":"2019-10-28T15:45:45","guid":{"rendered":"https:\/\/zjarr.tv\/?p=111776"},"modified":"2019-10-28T16:45:45","modified_gmt":"2019-10-28T15:45:45","slug":"dy-dite-pas-thirrjeve-antishqiptare-policia-ka-ndaluar-sot-motren-e-kacifasit","status":"publish","type":"post","link":"https:\/\/zjarr.tv\/sq\/dy-dite-pas-thirrjeve-antishqiptare-policia-ka-ndaluar-sot-motren-e-kacifasit\/","title":{"rendered":"Dy dit\u00eb pas thirrjeve antishqiptare, Policia ka ndaluar sot motr\u00ebn e Kacifasit"},"content":{"rendered":"<p>Kjo e fundit u ndalua nd\u00ebrsa po tentonte t\u00eb vendoste nj\u00eb baner me foton e v\u00ebllait t\u00eb saj.<\/p>\n<p>Nga Policia e Shtetit nuk ka ende nj\u00eb komunikat\u00eb lidhur mbi thirrjet antishqiptare q\u00eb shoq\u00ebruan 1 vjetorin e Kacifasit.<\/p>\n<p>Nd\u00ebrsa po kryheshin homazhe p\u00ebr ushtar\u00ebt e r\u00ebn\u00eb grek, motra e Katsifas ka deklaruar se Bularati \u00ebsht\u00eb tok\u00eb greke, dhe se shqiptar\u00ebt duhen vrar\u00eb.<\/p>\n<p>Sipas saj policia shqiptare ka t\u00ebrhequr zvarr\u00eb baban\u00eb e Katsifas, vet\u00ebm p\u00ebr shkak se ai donte t\u00eb vendoste nj\u00eb baner me foton e t\u00eb birit.<\/p>\n<p>\u201cNderojm\u00eb v\u00ebllain tim por policia t\u00ebrhoqi zvarr\u00eb 100 metra baban\u00eb tim\u201d, tha motra e Katsifas.<\/p>\n","protected":false},"excerpt":{"rendered":"<p>Kjo e fundit u ndalua nd\u00ebrsa po tentonte t\u00eb vendoste nj\u00eb baner me foton e v\u00ebllait t\u00eb saj. Nga Policia e Shtetit nuk ka ende nj\u00eb komunikat\u00eb lidhur mbi thirrjet antishqiptare q\u00eb shoq\u00ebruan 1 vjetorin e Kacifasit. Nd\u00ebrsa po kryheshin homazhe p\u00ebr ushtar\u00ebt e r\u00ebn\u00eb grek, motra e Katsifas ka deklaruar se Bularati \u00ebsht\u00eb tok\u00eb [&hellip;]<\/p>\n","protected":false},"author":2013,"featured_media":50752,"comment_status":"open","ping_status":"closed","sticky":false,"template":"","format":"standard","meta":{"footnotes":""},"categories":[241,235],"tags":[],"class_list":{"0":"post-111776","1":"post","2":"type-post","3":"status-publish","4":"format-standard","5":"has-post-thumbnail","7":"category-aktualitet","8":"category-vendi"},"_links":{"self":[{"href":"https:\/\/zjarr.tv\/sq\/wp-json\/wp\/v2\/posts\/111776","targetHints":{"allow":["GET"]}}],"collection":[{"href":"https:\/\/zjarr.tv\/sq\/wp-json\/wp\/v2\/posts"}],"about":[{"href":"https:\/\/zjarr.tv\/sq\/wp-json\/wp\/v2\/types\/post"}],"author":[{"embeddable":true,"href":"https:\/\/zjarr.tv\/sq\/wp-json\/wp\/v2\/users\/2013"}],"replies":[{"embeddable":true,"href":"https:\/\/zjarr.tv\/sq\/wp-json\/wp\/v2\/comments?post=111776"}],"version-history":[{"count":0,"href":"https:\/\/zjarr.tv\/sq\/wp-json\/wp\/v2\/posts\/111776\/revisions"}],"wp:featuredmedia":[{"embeddable":true,"href":"https:\/\/zjarr.tv\/sq\/wp-json\/wp\/v2\/media\/50752"}],"wp:attachment":[{"href":"https:\/\/zjarr.tv\/sq\/wp-json\/wp\/v2\/media?parent=111776"}],"wp:term":[{"taxonomy":"category","embeddable":true,"href":"https:\/\/zjarr.tv\/sq\/wp-json\/wp\/v2\/categories?post=111776"},{"taxonomy":"post_tag","embeddable":true,"href":"https:\/\/zjarr.tv\/sq\/wp-json\/wp\/v2\/tags?post=111776"}],"curies":[{"name":"wp","href":"https:\/\/api.w.org\/{rel}","templated":true}]}}