{"id":111781,"date":"2019-10-28T16:49:56","date_gmt":"2019-10-28T15:49:56","guid":{"rendered":"https:\/\/zjarr.tv\/?p=111781"},"modified":"2019-10-28T16:49:56","modified_gmt":"2019-10-28T15:49:56","slug":"kandidati-i-rames-te-shkarkohet-prokuroria-kajmaku-fshehu-arrestimin-ne-greqi","status":"publish","type":"post","link":"https:\/\/zjarr.tv\/sq\/kandidati-i-rames-te-shkarkohet-prokuroria-kajmaku-fshehu-arrestimin-ne-greqi\/","title":{"rendered":"Kandidati i Ram\u00ebs t\u00eb shkarkohet\/ Prokuroria: Kajmaku fshehu arrestimin n\u00eb Greqi"},"content":{"rendered":"<p>Hetimi i iniciuar nga Partia Demokratike p\u00ebr kandidatin e Edi Ram\u00ebs n\u00eb Bashkin\u00eb e Vor\u00ebs, Agim Kajmaku, ka dal\u00eb n\u00eb p\u00ebrfundimin se ky person q\u00eb mbante emrin Jorgo Toto \u00ebsht\u00eb arrestuar n\u00eb Greqi.<\/p>\n<p>N\u00eb hetimin e saj, prokuroria ka siguruar prova se Agim Kajmaku dhe Jorgo Toto jan\u00eb i nj\u00ebjti person.<\/p>\n<p>Sipas akuz\u00ebs, Kajmaku e ka fshehur arrestimin dhe duhet t\u00eb shkarkohet nga funksionet publike.<\/p>\n<p><em>\u2018Prokuroria ka dal\u00eb n\u00eb perfundimin se Agim Kajmaku duhet t\u00eb skualifikohet menj\u00ebher\u00eb nga funksioni publik\u2019, u shpreh Gazment Bardhi gjat\u00eb konferenc\u00ebs p\u00ebr mediat.<\/em><\/p>\n<p><em>\u2018Nga verifikimet e kryera konfirmohet se Agim Kajmaku ka patur dijeni t\u00eb plot\u00eb n\u00eb lidhje me faktin se ka qen\u00eb n\u00eb hetim penal n\u00eb Greqi dhe se ndaj tij kishte nj\u00eb proces gjyq\u00ebsor n\u00eb zhvillim.<\/em><\/p>\n<p><em>Kjo sepse ai \u00ebsht\u00eb arrestuar n\u00eb flagranc\u00eb dhe ka dal\u00eb para gjykat\u00ebs greke, ku i \u00ebsht\u00eb b\u00ebr\u00eb e ditur e gjith\u00eb procedura q\u00eb do t\u00eb ndiqet ndaj tij.<\/em><\/p>\n<p><em>Nga ana tjet\u00ebr, rezulton se Agim Kajmaku ka kryer veprime konkrete p\u00ebr fshehjen e k\u00ebtij fakti para autoriteteve shqiptare, duke ndryshuar n\u00eb dat\u00ebn 30 Mars 2004 em\u00ebr\/mbiem\u00ebr nga \u2018Jorgo Toto\u2019 n\u00eb Agim Kajmaku, si dhe duke mos e deklaruar k\u00ebt\u00eb fakt n\u00eb formularin e dekriminalizimit\u2019,<\/em>\u00a0thuhet n\u00eb hetimin e prokuroris\u00eb.<\/p>\n<p><em>\u2018\u00c7do alibi e krijuar nga Edi Rama dhe p\u00ebrfaq\u00ebsuesi i tij n\u00eb Bashkin\u00eb e Vor\u00ebs, \u00ebsht\u00eb rr\u00ebzuar. PD e ka te qart\u00eb se Edi Rama nuk ka vullnet p\u00ebr ta luftuar krimin dhe se pushtetin e tij e ka te lidhur me krimin.<\/em><\/p>\n<p><em>Mir\u00ebpo shkarkimi i menj\u00ebhersh\u00ebm nga detyra i Agim Kajmakut, nuk \u00ebsht\u00eb me nj\u00eb \u00e7\u00ebshtje e vullnetit n\u00eb dor\u00eb t\u00eb Edi Ram\u00ebs. Edi Rama ka detyrimin kushtetues dhe ligjor t\u00eb shkarkoj\u00eb menj\u00ebher\u00eb nga detyra kryetarin e Bashkis\u00eb s\u00eb Vor\u00ebs, Agim Kajmaku, i cili \u00ebsht\u00eb arrestuar dhe ka qen\u00eb n\u00eb k\u00ebrkim nd\u00ebrkomb\u00ebtar deri n\u00eb shtator 2019\u2019,\u00a0<\/em>tha Gazment Bardhi gjat\u00eb konferenc\u00ebs p\u00ebr mediat.<\/p>\n","protected":false},"excerpt":{"rendered":"<p>Hetimi i iniciuar nga Partia Demokratike p\u00ebr kandidatin e Edi Ram\u00ebs n\u00eb Bashkin\u00eb e Vor\u00ebs, Agim Kajmaku, ka dal\u00eb n\u00eb p\u00ebrfundimin se ky person q\u00eb mbante emrin Jorgo Toto \u00ebsht\u00eb arrestuar n\u00eb Greqi. N\u00eb hetimin e saj, prokuroria ka siguruar prova se Agim Kajmaku dhe Jorgo Toto jan\u00eb i nj\u00ebjti person. Sipas akuz\u00ebs, Kajmaku e [&hellip;]<\/p>\n","protected":false},"author":2013,"featured_media":62383,"comment_status":"open","ping_status":"closed","sticky":false,"template":"","format":"standard","meta":{"footnotes":""},"categories":[241,235],"tags":[],"class_list":{"0":"post-111781","1":"post","2":"type-post","3":"status-publish","4":"format-standard","5":"has-post-thumbnail","7":"category-aktualitet","8":"category-vendi"},"_links":{"self":[{"href":"https:\/\/zjarr.tv\/sq\/wp-json\/wp\/v2\/posts\/111781","targetHints":{"allow":["GET"]}}],"collection":[{"href":"https:\/\/zjarr.tv\/sq\/wp-json\/wp\/v2\/posts"}],"about":[{"href":"https:\/\/zjarr.tv\/sq\/wp-json\/wp\/v2\/types\/post"}],"author":[{"embeddable":true,"href":"https:\/\/zjarr.tv\/sq\/wp-json\/wp\/v2\/users\/2013"}],"replies":[{"embeddable":true,"href":"https:\/\/zjarr.tv\/sq\/wp-json\/wp\/v2\/comments?post=111781"}],"version-history":[{"count":0,"href":"https:\/\/zjarr.tv\/sq\/wp-json\/wp\/v2\/posts\/111781\/revisions"}],"wp:featuredmedia":[{"embeddable":true,"href":"https:\/\/zjarr.tv\/sq\/wp-json\/wp\/v2\/media\/62383"}],"wp:attachment":[{"href":"https:\/\/zjarr.tv\/sq\/wp-json\/wp\/v2\/media?parent=111781"}],"wp:term":[{"taxonomy":"category","embeddable":true,"href":"https:\/\/zjarr.tv\/sq\/wp-json\/wp\/v2\/categories?post=111781"},{"taxonomy":"post_tag","embeddable":true,"href":"https:\/\/zjarr.tv\/sq\/wp-json\/wp\/v2\/tags?post=111781"}],"curies":[{"name":"wp","href":"https:\/\/api.w.org\/{rel}","templated":true}]}}