{"id":111792,"date":"2019-10-28T17:17:18","date_gmt":"2019-10-28T16:17:18","guid":{"rendered":"https:\/\/zjarr.tv\/?p=111792"},"modified":"2019-10-28T17:17:18","modified_gmt":"2019-10-28T16:17:18","slug":"shefi-i-nato-s-zbardh-takimin-me-meten-vitin-tjeter-shqiperia-do-marre-rol-te-rendesishem-ne-sigurine-boterore","status":"publish","type":"post","link":"https:\/\/zjarr.tv\/sq\/shefi-i-nato-s-zbardh-takimin-me-meten-vitin-tjeter-shqiperia-do-marre-rol-te-rendesishem-ne-sigurine-boterore\/","title":{"rendered":"Shefi i NATO-s zbardh takimin me Met\u00ebn: Vitin tjet\u00ebr, Shqip\u00ebria do marr\u00eb rol t\u00eb r\u00ebnd\u00ebsish\u00ebm n\u00eb sigurin\u00eb bot\u00ebrore"},"content":{"rendered":"<p>Sekretari i P\u00ebrgjithsh\u00ebm i NATO, Jens Stoltenberg, e cil\u00ebsoi Shqip\u00ebrin\u00eb avokate t\u00eb fort\u00eb p\u00ebr an\u00ebtar\u00ebsimin e vendeve t\u00eb tjera t\u00eb rajonit n\u00eb aleanc\u00eb.<\/p>\n<p>N\u00eb nj\u00eb konferenc\u00eb p\u00ebr media pas takimit me Presidentin e Shqip\u00ebris\u00eb, Ilir Meta, Stoltenberg deklaroi se Shqip\u00ebria luan nj\u00eb rol shum\u00eb t\u00eb r\u00ebnd\u00ebsish\u00ebm n\u00eb stabilitetin dhe paqen e rajonit.<\/p>\n<p>Nd\u00ebr t\u00eb tjera, duke th\u00ebn\u00eb se NATO po investon p\u00ebr baz\u00ebn e re ajrore n\u00eb Shqip\u00ebri, q\u00eb do t\u00eb forcoj\u00eb sigurin\u00eb n\u00eb k\u00ebt\u00eb vend, Stoltenberg u shpreh se vitin tjet\u00ebr vendi yn\u00eb do t\u00eb marr\u00eb rol t\u00eb r\u00ebnd\u00ebsish\u00ebm n\u00eb sigurin\u00eb bot\u00ebrore, n\u00eb OSBE.<\/p>\n<div id=\"pa_1x1_psbk_1572279413124\"><\/div>\n<p>\u201cJu luani rol t\u00eb r\u00ebnd\u00ebsish\u00ebm, duke siguruar m\u00eb shum\u00eb sigurin\u00eb n\u00eb Ballkan. Me misionet q\u00eb ka n\u00eb Afganistan, p\u00ebr t\u00eb luftuar terrorizmin n\u00eb rajonin e baltikut, duke d\u00ebrguar forca n\u00eb Lituani. T\u00eb gjitha k\u00ebto tregojn\u00eb angazhimin e Shqip\u00ebris\u00eb n\u00eb NATO. NATO po realizon nj\u00eb baz\u00eb t\u00eb re n\u00eb Shqip\u00ebri, q\u00eb do forcoj\u00eb sigurin\u00eb n\u00eb vendin tuaj. Vitin tjet\u00ebr Shqip\u00ebria do marr\u00eb rol t\u00eb r\u00ebnd\u00ebsish\u00ebm n\u00eb sigurin\u00eb bot\u00ebrore, n\u00eb OSBE. \u00cbsht\u00eb jetike.<\/p>\n<p>Bashk\u00ebpunimi i NATO me OSBE \u00ebsht\u00eb shum\u00eb i r\u00ebnd\u00ebsish\u00ebm. Gjat\u00eb takimit diskutuam dhe r\u00ebnd\u00ebsin\u00eb e ndarjes s\u00eb barr\u00ebs me aleanc\u00ebn. Shqip\u00ebria ka investuar m\u00eb shum\u00eb n\u00eb mbrojtje. Diskutuam dhe situat\u00ebn n\u00eb Ballkanin Per\u00ebndimor. Fal\u00ebnderove Shqip\u00ebrin\u00eb n\u00eb rolin e dh\u00ebn\u00eb n\u00eb rajon p\u00ebr stabilitet dhe paqe. Shqip\u00ebria \u00ebsht\u00eb nj\u00eb avokat i fort\u00eb p\u00ebr an\u00ebtar\u00ebsimin e vendeve t\u00eb tjera p\u00ebr n\u00eb NATO. Shqip\u00ebria ka ratifikuar protokollin e an\u00ebtar\u00ebsimit p\u00ebr Maqedonin\u00eb e Veriut dhe pres me padurim q\u00eb ky vend t\u00eb an\u00ebtar\u00ebsohet sa m\u00eb shpejt\u201d, tha shefi i NATO.<\/p>\n","protected":false},"excerpt":{"rendered":"<p>Sekretari i P\u00ebrgjithsh\u00ebm i NATO, Jens Stoltenberg, e cil\u00ebsoi Shqip\u00ebrin\u00eb avokate t\u00eb fort\u00eb p\u00ebr an\u00ebtar\u00ebsimin e vendeve t\u00eb tjera t\u00eb rajonit n\u00eb aleanc\u00eb. N\u00eb nj\u00eb konferenc\u00eb p\u00ebr media pas takimit me Presidentin e Shqip\u00ebris\u00eb, Ilir Meta, Stoltenberg deklaroi se Shqip\u00ebria luan nj\u00eb rol shum\u00eb t\u00eb r\u00ebnd\u00ebsish\u00ebm n\u00eb stabilitetin dhe paqen e rajonit. Nd\u00ebr t\u00eb tjera, [&hellip;]<\/p>\n","protected":false},"author":2013,"featured_media":111793,"comment_status":"open","ping_status":"closed","sticky":false,"template":"","format":"standard","meta":{"footnotes":""},"categories":[241,235],"tags":[],"class_list":{"0":"post-111792","1":"post","2":"type-post","3":"status-publish","4":"format-standard","5":"has-post-thumbnail","7":"category-aktualitet","8":"category-vendi"},"_links":{"self":[{"href":"https:\/\/zjarr.tv\/sq\/wp-json\/wp\/v2\/posts\/111792","targetHints":{"allow":["GET"]}}],"collection":[{"href":"https:\/\/zjarr.tv\/sq\/wp-json\/wp\/v2\/posts"}],"about":[{"href":"https:\/\/zjarr.tv\/sq\/wp-json\/wp\/v2\/types\/post"}],"author":[{"embeddable":true,"href":"https:\/\/zjarr.tv\/sq\/wp-json\/wp\/v2\/users\/2013"}],"replies":[{"embeddable":true,"href":"https:\/\/zjarr.tv\/sq\/wp-json\/wp\/v2\/comments?post=111792"}],"version-history":[{"count":0,"href":"https:\/\/zjarr.tv\/sq\/wp-json\/wp\/v2\/posts\/111792\/revisions"}],"wp:featuredmedia":[{"embeddable":true,"href":"https:\/\/zjarr.tv\/sq\/wp-json\/wp\/v2\/media\/111793"}],"wp:attachment":[{"href":"https:\/\/zjarr.tv\/sq\/wp-json\/wp\/v2\/media?parent=111792"}],"wp:term":[{"taxonomy":"category","embeddable":true,"href":"https:\/\/zjarr.tv\/sq\/wp-json\/wp\/v2\/categories?post=111792"},{"taxonomy":"post_tag","embeddable":true,"href":"https:\/\/zjarr.tv\/sq\/wp-json\/wp\/v2\/tags?post=111792"}],"curies":[{"name":"wp","href":"https:\/\/api.w.org\/{rel}","templated":true}]}}