{"id":111805,"date":"2019-10-29T12:08:50","date_gmt":"2019-10-29T11:08:50","guid":{"rendered":"https:\/\/zjarr.tv\/?p=111805"},"modified":"2019-10-29T12:08:50","modified_gmt":"2019-10-29T11:08:50","slug":"dita-e-ushtrise-rumune-mbledh-diplomatet-dhe-gjeneralet-shqiptare","status":"publish","type":"post","link":"https:\/\/zjarr.tv\/sq\/dita-e-ushtrise-rumune-mbledh-diplomatet-dhe-gjeneralet-shqiptare\/","title":{"rendered":"Dita e ushtris\u00eb rumune, mbledh diplomat\u00ebt dhe gjeneral\u00ebt shqiptar\u00eb"},"content":{"rendered":"<p>Me rastin e Dit\u00ebs s\u00eb Forcave t\u00eb Armatosura Rumune, Ambasada Rumune organizoi t\u00eb premten (25 tetor) n\u00eb Hotel Xheko Imperial nj\u00eb pritje p\u00ebr t\u00eb festuar k\u00ebt\u00eb dit\u00eb t\u00eb ve\u00e7ant\u00eb. N\u00eb pritjen nga Ambasadori Rumun, H. E. Mircea Perpelea dhe atasheut ushtarak rumun, kolonel Florin ?u?uianu, mor\u00ebn pjes\u00eb edhe shefi i Shtabit t\u00eb P\u00ebrgjithsh\u00ebm i Forcave t\u00eb Armatosura shqiptare, gjeneral brigade Bardhyl Koll\u00e7aku, z\u00ebvend\u00ebsshefi i Shtabit t\u00eb P\u00ebrgjithsh\u00ebm, Gjeneral Manushaqe Shehu, Drejtori i Shtabit t\u00eb P\u00ebrgjithsh\u00ebm, kolonel Ilir Pujo, ambasador\u00eb dhe an\u00ebtar\u00eb t\u00eb Trupave Diplomatike t\u00eb akredituar n\u00eb Tiran\u00eb, p\u00ebrfaq\u00ebsues t\u00eb Presidenc\u00ebs s\u00eb Shqip\u00ebris\u00eb dhe Ministris\u00eb s\u00eb Mbrojtjes, komandant\u00eb t\u00eb Sh\u00ebrbimit Mb\u00ebshtet\u00ebs dhe Forc\u00ebs Detare, etj.<\/p>\n<p>N\u00eb fjal\u00ebn e tij, Ambasadori Perpelea n\u00ebnvizoi r\u00ebnd\u00ebsin\u00eb e sakrific\u00ebs supreme t\u00eb ushtar\u00ebve rumun\u00eb, t\u00eb cil\u00ebt \u00e7liruan n\u00eb 25 tetor 1944 pjes\u00ebn e mbetur t\u00eb territorit t\u00eb Rumanis\u00eb nga okupimi i huaj. Sipas Ambasadores PERPELEA, n\u00eb dit\u00ebt e sotme, Forcat e Armatosura Rumune po konsolidojn\u00eb procesin e tyre t\u00eb modernizimit dhe p\u00ebrmir\u00ebsojn\u00eb gatishm\u00ebrin\u00eb dhe nivelet e nd\u00ebrveprimit t\u00eb forcave t\u00eb tyre. R\u00ebnd\u00ebsia e 2% t\u00eb PBB-s\u00eb t\u00eb alokuar q\u00eb nga viti 2017 p\u00ebr buxhetin e mbrojtjes ROU bazohet gjithashtu n\u00eb nj\u00eb norm\u00eb t\u00eb konfirmuar tashm\u00eb 35% t\u00eb nj\u00eb programi t\u00eb gjat\u00eb blerjeje shum\u00ebvje\u00e7ar t\u00eb q\u00ebndruesh\u00ebm. Ky angazhim p\u00ebr blerjet e m\u00ebdha \u00ebsht\u00eb shum\u00eb mbi minimumin e k\u00ebrkuar 20% nga NATO. T\u00eb gjitha veprimet n\u00eb k\u00ebt\u00eb drejtim konfirmojn\u00eb vendosm\u00ebrin\u00eb e Rumanis\u00eb p\u00ebr t\u00eb marr\u00eb nj\u00eb rol p\u00ebrgjegj\u00ebs n\u00eb nj\u00eb rajon kaq t\u00eb paq\u00ebndruesh\u00ebm, kompleksiteti i t\u00eb cilit p\u00ebrcaktohet nga sfidat e siguris\u00eb n\u00eb Detin e Zi dhe zonat e Ballkanit Per\u00ebndimor.<\/p>\n<div id=\"rekl-28\"><\/div>\n<div class=\"fotogaleri\">\n<div class=\"bx-wrapper\">\n<div class=\"bx-controls bx-has-pager bx-has-controls-direction\">\n<div class=\"bx-controls-direction\">Nj\u00eb shembull tjet\u00ebr i r\u00ebnd\u00ebsish\u00ebm p\u00ebr angazhimin e Rumanis\u00eb \u00ebsht\u00eb oferta e saj e fundit p\u00ebr t\u00eb pritur, forcuar dhe zbatuar nj\u00eb aft\u00ebsi t\u00eb Komand\u00ebs dhe Kontrollit t\u00eb Qendr\u00ebs Land n\u00eb nivelin e Korpusit, e mir\u00ebpritur nga t\u00eb gjith\u00eb aleat\u00ebt n\u00eb Samitin e fundit t\u00eb NATO-s.<\/div>\n<\/div>\n<\/div>\n<\/div>\n<p>Ambasadori theksoi presdipozicionin e lart\u00eb t\u00eb Bukureshtit t\u00eb vendosur n\u00eb marr\u00ebdh\u00ebniet e shk\u00eblqyera t\u00eb miq\u00ebsis\u00eb dhe bashk\u00ebpunimit, t\u00eb krijuara midis Rumanis\u00eb dhe Shteteve t\u00eb Bashkuara. Ai deklaroi se partneriteti Strategjik SHBA-Rumani p\u00ebrb\u00ebn nj\u00eb nga shtyllat themelore, t\u00eb siguris\u00eb dhe mbrojtjes s\u00eb Rumanis\u00eb. Bukureshti vler\u00ebson thell\u00ebsisht pranin\u00eb e fort\u00eb t\u00eb trupave amerikane n\u00eb rajonin e saj dhe n\u00eb territorin rumun.<\/p>\n<p>Kurse n\u00eb fjal\u00ebn e tij, Atasheu i Mbrojtjes Rumune, koloneli ?u?uianu, n\u00ebnvizoi rolin e r\u00ebnd\u00ebsish\u00ebm t\u00eb Forcave t\u00eb Armatosura p\u00ebr evolucionin e nj\u00eb vendi dhe shprehu fal\u00ebnderimet e tij p\u00ebr mb\u00ebshtetjen e vazhdueshme t\u00eb marr\u00eb nga Ministria e Mbrojtjes e Shqip\u00ebris\u00eb gjat\u00eb mandatit t\u00eb tij n\u00eb Tiran\u00eb, q\u00eb nga viti 2017.<\/p>\n<p>Atmosfera e ngroht\u00eb dhe miq\u00ebsore u shoq\u00ebrua me pjes\u00eb muzikore t\u00eb famshme rumune, shqiptare dhe nd\u00ebrkomb\u00ebtare luajtur n\u00eb piano dhe violin\u00eb, gjat\u00eb gjith\u00eb mbr\u00ebmjes.<\/p>\n","protected":false},"excerpt":{"rendered":"<p>Me rastin e Dit\u00ebs s\u00eb Forcave t\u00eb Armatosura Rumune, Ambasada Rumune organizoi t\u00eb premten (25 tetor) n\u00eb Hotel Xheko Imperial nj\u00eb pritje p\u00ebr t\u00eb festuar k\u00ebt\u00eb dit\u00eb t\u00eb ve\u00e7ant\u00eb. N\u00eb pritjen nga Ambasadori Rumun, H. E. Mircea Perpelea dhe atasheut ushtarak rumun, kolonel Florin ?u?uianu, mor\u00ebn pjes\u00eb edhe shefi i Shtabit t\u00eb P\u00ebrgjithsh\u00ebm i Forcave [&hellip;]<\/p>\n","protected":false},"author":2013,"featured_media":111806,"comment_status":"open","ping_status":"closed","sticky":false,"template":"","format":"standard","meta":{"footnotes":""},"categories":[241,235],"tags":[],"class_list":{"0":"post-111805","1":"post","2":"type-post","3":"status-publish","4":"format-standard","5":"has-post-thumbnail","7":"category-aktualitet","8":"category-vendi"},"_links":{"self":[{"href":"https:\/\/zjarr.tv\/sq\/wp-json\/wp\/v2\/posts\/111805","targetHints":{"allow":["GET"]}}],"collection":[{"href":"https:\/\/zjarr.tv\/sq\/wp-json\/wp\/v2\/posts"}],"about":[{"href":"https:\/\/zjarr.tv\/sq\/wp-json\/wp\/v2\/types\/post"}],"author":[{"embeddable":true,"href":"https:\/\/zjarr.tv\/sq\/wp-json\/wp\/v2\/users\/2013"}],"replies":[{"embeddable":true,"href":"https:\/\/zjarr.tv\/sq\/wp-json\/wp\/v2\/comments?post=111805"}],"version-history":[{"count":0,"href":"https:\/\/zjarr.tv\/sq\/wp-json\/wp\/v2\/posts\/111805\/revisions"}],"wp:featuredmedia":[{"embeddable":true,"href":"https:\/\/zjarr.tv\/sq\/wp-json\/wp\/v2\/media\/111806"}],"wp:attachment":[{"href":"https:\/\/zjarr.tv\/sq\/wp-json\/wp\/v2\/media?parent=111805"}],"wp:term":[{"taxonomy":"category","embeddable":true,"href":"https:\/\/zjarr.tv\/sq\/wp-json\/wp\/v2\/categories?post=111805"},{"taxonomy":"post_tag","embeddable":true,"href":"https:\/\/zjarr.tv\/sq\/wp-json\/wp\/v2\/tags?post=111805"}],"curies":[{"name":"wp","href":"https:\/\/api.w.org\/{rel}","templated":true}]}}