{"id":111820,"date":"2019-10-29T12:15:27","date_gmt":"2019-10-29T11:15:27","guid":{"rendered":"https:\/\/zjarr.tv\/?p=111820"},"modified":"2019-10-29T12:15:27","modified_gmt":"2019-10-29T11:15:27","slug":"shqiperia-ka-vetem-nje-alternative-basha-takon-analistin-amerikan-tregon-se-cfare-diskutoi-me-daniel-serwer","status":"publish","type":"post","link":"https:\/\/zjarr.tv\/sq\/shqiperia-ka-vetem-nje-alternative-basha-takon-analistin-amerikan-tregon-se-cfare-diskutoi-me-daniel-serwer\/","title":{"rendered":"\u201cShqip\u00ebria ka vet\u00ebm nj\u00eb alternativ\u00eb\u2026\u201d, Basha takon analistin amerikan, tregon se \u00e7far\u00eb diskutoi me Daniel Serwer"},"content":{"rendered":"<p>Kryetari i Partis\u00eb Demokratike Lulzim Basha ka pritur sot n\u00eb nj\u00eb takim analistin amerikan Daniel Serwer.<\/p>\n<p>P\u00ebrmes nj\u00eb postimi n\u00eb \u2018Facebook\u2019 Basha ka treguar detaje nga takimi n\u00eb fjal\u00eb, nd\u00ebrsa thekson se bashk\u00eb ndan\u00eb shqet\u00ebsimin p\u00ebr gjendjen aktuale t\u00eb demokracis\u00eb, sundimit t\u00eb ligjit dhe krimit e korrupsionit.<\/p>\n<div id=\"pa_1x1_psbk_1572347706125\"><\/div>\n<p>Mes t\u00eb tjerash lider i PD-s\u00eb ka dh\u00ebn\u00eb mesazhin e tij se Shqip\u00ebria ka vet\u00ebm nj\u00eb alternativ\u00eb; rrug\u00ebn europiane dhe an\u00ebtar\u00ebsimin n\u00eb BE.<\/p>\n<p>\u201cDaniel Ser\u00eber \u00ebshte nj\u00eb mik i \u00e7muar me t\u00eb cilin kam bashk\u00ebpunuar ngusht\u00eb n\u00eb vitet e an\u00ebtar\u00ebsimit te Shqip\u00ebris\u00eb n\u00eb NATO dhe procesit t\u00eb pavar\u00ebsimit t\u00eb Kosov\u00ebs. Pata k\u00ebnaq\u00ebsin\u00eb ta pres n\u00eb Tiran\u00eb ku bashk\u00eb me shqet\u00ebsimin p\u00ebr gjendjen aktuale t\u00eb demokracis\u00eb, sundimit t\u00eb ligjit dhe krimit dhe korrupsionit, ndam\u00eb bindjen se Shqip\u00ebrin\u00eb e pret nj\u00eb e nes\u00ebrme plot shpres\u00eb dhe mund\u00ebsi p\u00ebr zhvillim dhe mir\u00ebqenie reale dhe t\u00eb prekshme nga t\u00eb gjith\u00eb shqiptar\u00ebt. Shqip\u00ebria ka vet\u00ebm nj\u00eb alternativ\u00eb, rruga europiane dhe an\u00ebtar\u00ebsimi n\u00eb BE\u201d, shkruan Basha.<\/p>\n","protected":false},"excerpt":{"rendered":"<p>Kryetari i Partis\u00eb Demokratike Lulzim Basha ka pritur sot n\u00eb nj\u00eb takim analistin amerikan Daniel Serwer. P\u00ebrmes nj\u00eb postimi n\u00eb \u2018Facebook\u2019 Basha ka treguar detaje nga takimi n\u00eb fjal\u00eb, nd\u00ebrsa thekson se bashk\u00eb ndan\u00eb shqet\u00ebsimin p\u00ebr gjendjen aktuale t\u00eb demokracis\u00eb, sundimit t\u00eb ligjit dhe krimit e korrupsionit. Mes t\u00eb tjerash lider i PD-s\u00eb ka dh\u00ebn\u00eb [&hellip;]<\/p>\n","protected":false},"author":2013,"featured_media":111821,"comment_status":"open","ping_status":"closed","sticky":false,"template":"","format":"standard","meta":{"footnotes":""},"categories":[241,235],"tags":[],"class_list":{"0":"post-111820","1":"post","2":"type-post","3":"status-publish","4":"format-standard","5":"has-post-thumbnail","7":"category-aktualitet","8":"category-vendi"},"_links":{"self":[{"href":"https:\/\/zjarr.tv\/sq\/wp-json\/wp\/v2\/posts\/111820","targetHints":{"allow":["GET"]}}],"collection":[{"href":"https:\/\/zjarr.tv\/sq\/wp-json\/wp\/v2\/posts"}],"about":[{"href":"https:\/\/zjarr.tv\/sq\/wp-json\/wp\/v2\/types\/post"}],"author":[{"embeddable":true,"href":"https:\/\/zjarr.tv\/sq\/wp-json\/wp\/v2\/users\/2013"}],"replies":[{"embeddable":true,"href":"https:\/\/zjarr.tv\/sq\/wp-json\/wp\/v2\/comments?post=111820"}],"version-history":[{"count":0,"href":"https:\/\/zjarr.tv\/sq\/wp-json\/wp\/v2\/posts\/111820\/revisions"}],"wp:featuredmedia":[{"embeddable":true,"href":"https:\/\/zjarr.tv\/sq\/wp-json\/wp\/v2\/media\/111821"}],"wp:attachment":[{"href":"https:\/\/zjarr.tv\/sq\/wp-json\/wp\/v2\/media?parent=111820"}],"wp:term":[{"taxonomy":"category","embeddable":true,"href":"https:\/\/zjarr.tv\/sq\/wp-json\/wp\/v2\/categories?post=111820"},{"taxonomy":"post_tag","embeddable":true,"href":"https:\/\/zjarr.tv\/sq\/wp-json\/wp\/v2\/tags?post=111820"}],"curies":[{"name":"wp","href":"https:\/\/api.w.org\/{rel}","templated":true}]}}