{"id":111823,"date":"2019-10-29T12:38:12","date_gmt":"2019-10-29T11:38:12","guid":{"rendered":"https:\/\/zjarr.tv\/?p=111823"},"modified":"2019-10-29T12:38:12","modified_gmt":"2019-10-29T11:38:12","slug":"zjarri-ne-masivin-pyjor-te-balgjajt-ne-bulqize-kerkohet-nderhyrja-nga-ajri","status":"publish","type":"post","link":"https:\/\/zjarr.tv\/sq\/zjarri-ne-masivin-pyjor-te-balgjajt-ne-bulqize-kerkohet-nderhyrja-nga-ajri\/","title":{"rendered":"Zjarri n\u00eb masivin pyjor t\u00eb Balgjajt n\u00eb Bulqiz\u00eb, k\u00ebrkohet nd\u00ebrhyrja nga ajri"},"content":{"rendered":"<p>Zjarri n\u00eb Bulqiz\u00eb vijon t\u00eb jet\u00eb aktiv edhe p\u00ebrgjat\u00eb dit\u00ebs s\u00eb sotme. M\u00ebsohet se zjarri, tashm\u00eb me p\u00ebrmasa m\u00eb t\u00eb m\u00ebdha, ka avancuar n\u00eb pjes\u00ebn per\u00ebndimor t\u00eb Balgjajt dhe ka hyr\u00eb n\u00eb nj\u00eb masiv pishash shum\u00eb vje\u00e7are. Gazetari Enver Do\u00e7i raporton p\u00ebr \u2018BalkanWeb\u2019 se k\u00ebrkohet ndihm\u00eb nga ushtria dhe nga ajri me helikopter, p\u00ebr shkak t\u00eb terrenit t\u00eb v\u00ebshtir\u00eb.<\/p>\n<div id=\"sovrn\" class=\"desktop_ad ad_bottom_space\"><\/div>\n<p>Nd\u00ebrkoh\u00eb, p\u00ebrhapja e zjarrit po favorizohet edhe nga era. Zjarri nisi dy dit\u00eb m\u00eb par\u00eb n\u00eb vendin e quajtur \u201cShala e Pep\u00ebs\u201d mbi fshatin Ko\u00e7aj dhe m\u00eb pas iu drejtua masivit pyjor t\u00eb Balgjajt.<\/p>\n<p>T\u00eb dh\u00ebnat paraprake thon\u00eb se sip\u00ebrfaqja e p\u00ebrshkuar deri tani \u00ebsht\u00eb rreth 50 ha dushqe e ah. Nd\u00ebrkoh\u00eb prej dy dit\u00ebsh specialist\u00ebt e sh\u00ebrbimit zjarrfik\u00ebs n\u00eb Bashkin\u00eb Bulqiz\u00eb po p\u00ebrballen me flak\u00ebt por e kan\u00eb pasur t\u00eb pamundur neutralizimin e tyre.<\/p>\n","protected":false},"excerpt":{"rendered":"<p>Zjarri n\u00eb Bulqiz\u00eb vijon t\u00eb jet\u00eb aktiv edhe p\u00ebrgjat\u00eb dit\u00ebs s\u00eb sotme. M\u00ebsohet se zjarri, tashm\u00eb me p\u00ebrmasa m\u00eb t\u00eb m\u00ebdha, ka avancuar n\u00eb pjes\u00ebn per\u00ebndimor t\u00eb Balgjajt dhe ka hyr\u00eb n\u00eb nj\u00eb masiv pishash shum\u00eb vje\u00e7are. Gazetari Enver Do\u00e7i raporton p\u00ebr \u2018BalkanWeb\u2019 se k\u00ebrkohet ndihm\u00eb nga ushtria dhe nga ajri me helikopter, p\u00ebr shkak [&hellip;]<\/p>\n","protected":false},"author":2013,"featured_media":105617,"comment_status":"open","ping_status":"closed","sticky":false,"template":"","format":"standard","meta":{"footnotes":""},"categories":[241,235],"tags":[],"class_list":{"0":"post-111823","1":"post","2":"type-post","3":"status-publish","4":"format-standard","5":"has-post-thumbnail","7":"category-aktualitet","8":"category-vendi"},"_links":{"self":[{"href":"https:\/\/zjarr.tv\/sq\/wp-json\/wp\/v2\/posts\/111823","targetHints":{"allow":["GET"]}}],"collection":[{"href":"https:\/\/zjarr.tv\/sq\/wp-json\/wp\/v2\/posts"}],"about":[{"href":"https:\/\/zjarr.tv\/sq\/wp-json\/wp\/v2\/types\/post"}],"author":[{"embeddable":true,"href":"https:\/\/zjarr.tv\/sq\/wp-json\/wp\/v2\/users\/2013"}],"replies":[{"embeddable":true,"href":"https:\/\/zjarr.tv\/sq\/wp-json\/wp\/v2\/comments?post=111823"}],"version-history":[{"count":0,"href":"https:\/\/zjarr.tv\/sq\/wp-json\/wp\/v2\/posts\/111823\/revisions"}],"wp:featuredmedia":[{"embeddable":true,"href":"https:\/\/zjarr.tv\/sq\/wp-json\/wp\/v2\/media\/105617"}],"wp:attachment":[{"href":"https:\/\/zjarr.tv\/sq\/wp-json\/wp\/v2\/media?parent=111823"}],"wp:term":[{"taxonomy":"category","embeddable":true,"href":"https:\/\/zjarr.tv\/sq\/wp-json\/wp\/v2\/categories?post=111823"},{"taxonomy":"post_tag","embeddable":true,"href":"https:\/\/zjarr.tv\/sq\/wp-json\/wp\/v2\/tags?post=111823"}],"curies":[{"name":"wp","href":"https:\/\/api.w.org\/{rel}","templated":true}]}}