{"id":111830,"date":"2019-10-29T12:40:42","date_gmt":"2019-10-29T11:40:42","guid":{"rendered":"https:\/\/zjarr.tv\/?p=111830"},"modified":"2019-10-29T12:40:42","modified_gmt":"2019-10-29T11:40:42","slug":"zaev-interviste-per-mediat-greke-pas-refuzimit-nga-be-ngrin-nje-pjese-e-marreveshjes-se-prespes","status":"publish","type":"post","link":"https:\/\/zjarr.tv\/sq\/zaev-interviste-per-mediat-greke-pas-refuzimit-nga-be-ngrin-nje-pjese-e-marreveshjes-se-prespes\/","title":{"rendered":"Zaev intervist\u00eb p\u00ebr mediat greke: Pas refuzimit nga BE, ngrin nj\u00eb pjes\u00eb e Marr\u00ebveshjes s\u00eb Presp\u00ebs"},"content":{"rendered":"<p>N\u00eb nj\u00eb intervist\u00eb p\u00ebr euronews.gr kryeministri i Maqedonis\u00eb s\u00eb Veriut paralajm\u00ebron sot se \u201cnj\u00eb pjes\u00eb e Marr\u00ebveshjes s\u00eb Presp\u00ebs ngrin, pasi \u00ebsht\u00eb i pamundur zbatimi i plot\u00eb\u201d. Zaev sqaron se ka lidhje t\u00eb drejtp\u00ebrdrejt\u00eb mes dispozitave t\u00eb Marr\u00ebveshjes dhe etapave integruese t\u00eb vendit t\u00eb tij n\u00eb BE, duke paralajm\u00ebruar se \u201cn\u00ebse fiken dritat e yjeve n\u00eb flamurin e BE-s\u00eb, at\u00ebher\u00eb n\u00eb Ballkan do t\u00eb sundoj\u00eb err\u00ebsira\u201d.<\/p>\n<p>Refuzimi i BE-s\u00eb p\u00ebr nj\u00eb dat\u00eb t\u00eb caktuar p\u00ebr \u00e7eljen\u00a0 e negociatave, rrezikon zbatimin e disa pikave t\u00eb marr\u00ebveshjes s\u00eb Presp\u00ebs, ka deklaruar pa hezitim, gjat\u00eb intervist\u00ebs, edhe pse ka pranuar se askush nuk priste nj\u00eb PO t\u00eb menj\u00ebhershme, por si dhe Shqip\u00ebria, nj\u00eb vendim paraprak pro nga 28 vendet e BE-s\u00eb do t\u00eb ishte nxitja e domosdoshme p\u00ebr t\u00eb vijuar punimet n\u00eb rrug\u00ebn e duhur.<\/p>\n<p>Sipas Zaev, sidomos n\u00eb \u00e7\u00ebshtje t\u00eb brendshme t\u00eb vendit, marr\u00ebveshja e Presp\u00ebs lidhet ngusht\u00eb me kapituj t\u00eb procesit t\u00eb \u00e7eljes s\u00eb negociatave.\u00a0 Pala greke ishte dakort me k\u00ebt\u00eb pjes\u00eb, duke marr\u00eb parasysh t\u00eb ardhmen ton\u00eb n\u00eb BE, por n\u00eb kuadrin e sot\u00ebm, \u00ebsht\u00eb e pamundur t\u00eb realizohet, shtoi kryeministri i Maqedonis\u00eb s\u00eb Veriut.<\/p>\n<p>\u201cDy dispozita, n\u00eb ve\u00e7anti, t\u00eb shk\u00ebmbimit t\u00eb fondeve, jan\u00eb t\u00eb paarritshme, ndryshe rrezikojm\u00eb sovranitetin e vendit\u201d si dhe ka theksuar edhe nj\u00ebher\u00eb se integrimi n\u00eb BE \u00ebsht\u00eb e vetmja alternativ\u00eb p\u00ebr t\u00eb ardhmen e Ballkanit Per\u00ebndimor, n\u00eb rast t\u00eb kund\u00ebrt, pasojat do t\u00eb jen\u00eb t\u00eb r\u00ebnda p\u00ebr mbar\u00eb Europ\u00ebn. \u00c7do alternativ\u00eb tjet\u00ebr nuk shoq\u00ebrohet me demokraci, liri, shtet t\u00eb drejt\u00ebsis\u00eb, t\u00eb drejta t\u00eb njeriut, ka th\u00ebn\u00eb Zaev, me fuqizimin e nacionalizmit, radikaliz\u00ebm t\u00eb vlerave dhe vet\u00ebm err\u00ebsir\u00eb.<\/p>\n","protected":false},"excerpt":{"rendered":"<p>N\u00eb nj\u00eb intervist\u00eb p\u00ebr euronews.gr kryeministri i Maqedonis\u00eb s\u00eb Veriut paralajm\u00ebron sot se \u201cnj\u00eb pjes\u00eb e Marr\u00ebveshjes s\u00eb Presp\u00ebs ngrin, pasi \u00ebsht\u00eb i pamundur zbatimi i plot\u00eb\u201d. Zaev sqaron se ka lidhje t\u00eb drejtp\u00ebrdrejt\u00eb mes dispozitave t\u00eb Marr\u00ebveshjes dhe etapave integruese t\u00eb vendit t\u00eb tij n\u00eb BE, duke paralajm\u00ebruar se \u201cn\u00ebse fiken dritat e yjeve [&hellip;]<\/p>\n","protected":false},"author":2013,"featured_media":53177,"comment_status":"open","ping_status":"closed","sticky":false,"template":"","format":"standard","meta":{"footnotes":""},"categories":[241,2],"tags":[],"class_list":{"0":"post-111830","1":"post","2":"type-post","3":"status-publish","4":"format-standard","5":"has-post-thumbnail","7":"category-aktualitet","8":"category-rajoni"},"_links":{"self":[{"href":"https:\/\/zjarr.tv\/sq\/wp-json\/wp\/v2\/posts\/111830","targetHints":{"allow":["GET"]}}],"collection":[{"href":"https:\/\/zjarr.tv\/sq\/wp-json\/wp\/v2\/posts"}],"about":[{"href":"https:\/\/zjarr.tv\/sq\/wp-json\/wp\/v2\/types\/post"}],"author":[{"embeddable":true,"href":"https:\/\/zjarr.tv\/sq\/wp-json\/wp\/v2\/users\/2013"}],"replies":[{"embeddable":true,"href":"https:\/\/zjarr.tv\/sq\/wp-json\/wp\/v2\/comments?post=111830"}],"version-history":[{"count":0,"href":"https:\/\/zjarr.tv\/sq\/wp-json\/wp\/v2\/posts\/111830\/revisions"}],"wp:featuredmedia":[{"embeddable":true,"href":"https:\/\/zjarr.tv\/sq\/wp-json\/wp\/v2\/media\/53177"}],"wp:attachment":[{"href":"https:\/\/zjarr.tv\/sq\/wp-json\/wp\/v2\/media?parent=111830"}],"wp:term":[{"taxonomy":"category","embeddable":true,"href":"https:\/\/zjarr.tv\/sq\/wp-json\/wp\/v2\/categories?post=111830"},{"taxonomy":"post_tag","embeddable":true,"href":"https:\/\/zjarr.tv\/sq\/wp-json\/wp\/v2\/tags?post=111830"}],"curies":[{"name":"wp","href":"https:\/\/api.w.org\/{rel}","templated":true}]}}