{"id":111837,"date":"2019-10-29T12:51:17","date_gmt":"2019-10-29T11:51:17","guid":{"rendered":"https:\/\/zjarr.tv\/?p=111837"},"modified":"2019-10-29T12:51:17","modified_gmt":"2019-10-29T11:51:17","slug":"gjykata-e-krimeve-te-renda-rrezon-prokurorine-rikthen-per-hetim-ceshtjen-e-toyota-yaris","status":"publish","type":"post","link":"https:\/\/zjarr.tv\/sq\/gjykata-e-krimeve-te-renda-rrezon-prokurorine-rikthen-per-hetim-ceshtjen-e-toyota-yaris\/","title":{"rendered":"Gjykata e Krimeve t\u00eb R\u00ebnda rr\u00ebzon prokurorin\u00eb, rikthen p\u00ebr hetim \u00e7eshtjen e \u2018toyota yaris\u2019"},"content":{"rendered":"<p>Gjykata e krimeve t\u00eb r\u00ebnda ka m\u00ebr\u00eb nj\u00eb vendim p\u00ebr rikthimin p\u00ebr hetim t\u00eb dosjes s\u00eb transportit t\u00eb miliona eurove nga Europa n\u00eb drejtim t\u00eb Shqip\u00ebris\u00eb me makina.<\/p>\n<p>K\u00ebrkesa p\u00ebr rikthim p\u00ebr hetim p\u00ebr shkak t\u00eb let\u00ebrporosive dhe provave t\u00eb reja dhe \u00ebsht\u00eb b\u00ebr\u00eb me k\u00ebrkes\u00eb t\u00eb avokat\u00ebve.<\/p>\n<p>\u00cbsht\u00eb zhvilluar n\u00eb Gjykat\u00ebn p\u00ebr Krime t\u00eb R\u00ebnda seanca paraprake p\u00ebr dosjen \u201cToyota Yaris\u201d. Kan\u00eb mb\u00ebrritur dy let\u00ebrporosi nga Belgjika dhe Italia, nd\u00ebrsa prokuroria dhe mbrojtja kan\u00eb k\u00ebrkuar q\u00eb dosja t\u00eb rikthehet s\u00ebrish p\u00ebr hetim n\u00eb Prokuroria.<\/p>\n<p>Trupi gjykues \u00ebsht\u00eb t\u00ebrhequr p\u00ebr vendim n\u00ebse do t\u00eb kaloj \u00e7\u00ebshtjen p\u00ebr gjykim apo p\u00ebr hetim edhe nj\u00eb her\u00eb. \u00cbsht\u00eb nj\u00eb hetim edhe i Shqip\u00ebris\u00eb edhe i Belgjik\u00ebs. Alfred dhe Elvis Vladi, dy v\u00ebllez\u00ebrit q\u00eb jan\u00eb n\u00eb k\u00ebrkim p\u00ebr dosjen kan\u00eb dijeni p\u00ebr ngjarjen pasi kan\u00eb sjell mbrojt\u00ebs.<\/p>\n<p>T\u00eb arrestuar p\u00ebr k\u00ebt\u00eb \u00e7\u00ebshtje jan\u00eb bab\u00eb e bir Edi Lika dhe Klevi Cani, \u00a0dhe Alban Mollaymeri t\u00eb akuzuar p\u00ebr \u201cpastrim parash n\u00eb kuad\u00ebr t\u00eb grupit t\u00eb strukturuar kriminal\u201d si dhe Agim \u00c7eka i akuzuar vet\u00ebm p\u00ebr arm\u00ebmbajtje pa leje. Belgjika mori ne pyetje te arrestuarit n\u00eb Shqip\u00ebri si dhe kreun e opozit\u00ebs Lulzim Basha pak jav\u00eb m\u00eb par\u00eb.<\/p>\n","protected":false},"excerpt":{"rendered":"<p>Gjykata e krimeve t\u00eb r\u00ebnda ka m\u00ebr\u00eb nj\u00eb vendim p\u00ebr rikthimin p\u00ebr hetim t\u00eb dosjes s\u00eb transportit t\u00eb miliona eurove nga Europa n\u00eb drejtim t\u00eb Shqip\u00ebris\u00eb me makina. K\u00ebrkesa p\u00ebr rikthim p\u00ebr hetim p\u00ebr shkak t\u00eb let\u00ebrporosive dhe provave t\u00eb reja dhe \u00ebsht\u00eb b\u00ebr\u00eb me k\u00ebrkes\u00eb t\u00eb avokat\u00ebve. \u00cbsht\u00eb zhvilluar n\u00eb Gjykat\u00ebn p\u00ebr Krime t\u00eb [&hellip;]<\/p>\n","protected":false},"author":2013,"featured_media":111276,"comment_status":"open","ping_status":"closed","sticky":false,"template":"","format":"standard","meta":{"footnotes":""},"categories":[241,235],"tags":[],"class_list":{"0":"post-111837","1":"post","2":"type-post","3":"status-publish","4":"format-standard","5":"has-post-thumbnail","7":"category-aktualitet","8":"category-vendi"},"_links":{"self":[{"href":"https:\/\/zjarr.tv\/sq\/wp-json\/wp\/v2\/posts\/111837","targetHints":{"allow":["GET"]}}],"collection":[{"href":"https:\/\/zjarr.tv\/sq\/wp-json\/wp\/v2\/posts"}],"about":[{"href":"https:\/\/zjarr.tv\/sq\/wp-json\/wp\/v2\/types\/post"}],"author":[{"embeddable":true,"href":"https:\/\/zjarr.tv\/sq\/wp-json\/wp\/v2\/users\/2013"}],"replies":[{"embeddable":true,"href":"https:\/\/zjarr.tv\/sq\/wp-json\/wp\/v2\/comments?post=111837"}],"version-history":[{"count":0,"href":"https:\/\/zjarr.tv\/sq\/wp-json\/wp\/v2\/posts\/111837\/revisions"}],"wp:featuredmedia":[{"embeddable":true,"href":"https:\/\/zjarr.tv\/sq\/wp-json\/wp\/v2\/media\/111276"}],"wp:attachment":[{"href":"https:\/\/zjarr.tv\/sq\/wp-json\/wp\/v2\/media?parent=111837"}],"wp:term":[{"taxonomy":"category","embeddable":true,"href":"https:\/\/zjarr.tv\/sq\/wp-json\/wp\/v2\/categories?post=111837"},{"taxonomy":"post_tag","embeddable":true,"href":"https:\/\/zjarr.tv\/sq\/wp-json\/wp\/v2\/tags?post=111837"}],"curies":[{"name":"wp","href":"https:\/\/api.w.org\/{rel}","templated":true}]}}