{"id":112135,"date":"2019-11-03T16:57:49","date_gmt":"2019-11-03T15:57:49","guid":{"rendered":"https:\/\/zjarr.tv\/?p=112135"},"modified":"2019-11-03T16:57:49","modified_gmt":"2019-11-03T15:57:49","slug":"luciano-boci-skanon-zhvillimet-ne-vend-dhe-kritikon-qeverine-krimi-ben-kerdine-me-vrasje-hollivudiane","status":"publish","type":"post","link":"https:\/\/zjarr.tv\/sq\/luciano-boci-skanon-zhvillimet-ne-vend-dhe-kritikon-qeverine-krimi-ben-kerdine-me-vrasje-hollivudiane\/","title":{"rendered":"Lu\u00e7iano Bo\u00e7i skanon zhvillimet n\u00eb vend dhe kritikon qeverin\u00eb: Krimi b\u00ebn k\u00ebrdin\u00eb me vrasje hollivudiane"},"content":{"rendered":"<p>Ish-deputetit i Partis\u00eb Demokratike Lu\u00e7iano Bo\u00e7i ka analizuar \u00a0me nj\u00eb postim t\u00eb gjat\u00eb n\u00eb \u201cFacebook\u201d zhvillimet q\u00eb kan\u00eb ndodhur n\u00eb Shqip\u00ebri, q\u00eb nga politika e deri tek ngjarja e r\u00ebnd\u00eb e Durr\u00ebsit, ku prokuroria Arjan Ndoji dhe dy t\u00eb tjer\u00eb mbet\u00ebn t\u00eb plagosur. P\u00ebrmes sh\u00ebnimit t\u00eb tij, Lu\u00e7iano Bo\u00e7i t\u00eb gjitha k\u00ebto zhvillime i etiketon duke i p\u00ebrligjur me fjal\u00ebn \u201c\u00c7MENDINA\u201d<\/p>\n<h2>Postimi i Lu\u00e7iano Bo\u00e7it:<\/h2>\n<p>\u00c7MENDINA<br \/>\nNegociatat u harruan dhe tek e fundit para shengenit ballkanik as kan\u00eb pik\u00eb vlere p\u00ebr kabinetin ministror. T\u00eb na rroj\u00eb ky lloj shengeni! Kajmaku i rradh\u00ebs doli t\u00eb ishte sh\u00ebllir\u00eb, por q\u00eb mban t\u00eb fresk\u00ebt qeverin\u00eb-djath.<\/p>\n<p>Aferim i qoft\u00eb! Prokurorin pas britm\u00ebs s\u00eb Kryeministrit, e qeras\u00ebn me disa plumba kallashnikovi. Krimi b\u00ebn k\u00ebrdin\u00eb me vrasje hollivudiane.<br \/>\nDava larje hesapesh cic\u00ebron Rama. N\u00eb universitetet u regjistruan m\u00eb shum\u00eb infermier\u00eb se sa inxhinier\u00eb. Gjinushi i akademis\u00eb social-komuniste, u b\u00eb i pari i akademis\u00eb s\u00eb shkenc\u00ebris\u00eb.<\/p>\n<p>Protesta e unaz\u00ebs kapi vitin e dhimbjes p\u00ebr streh\u00ebn e kok\u00ebs, pa i sjell\u00eb asnj\u00eb dhimbje koke shtetit. Ky pra \u00ebsht\u00eb tamam shtet p\u00ebr dovlet. Teatri vazhdon rezistenc\u00ebn. Nj\u00eb koncesion tjet\u00ebr lindi. Shum\u00eb biznese vdiq\u00ebn n\u00ebn dhimbjen e rr\u00ebnimit.<br \/>\nLiria e medias u rr\u00ebzua disa vende. Dyndja n\u00eb aeroporte, p\u00ebr t\u00eb ikur i ngjason dit\u00ebve t\u00eb festave dhe po t\u00eb huazoja pak Gjebren\u00eb e \u201890 me k\u00ebng\u00ebn \u201cJon\u201d do b\u00ebja k\u00ebng\u00ebn \u201cRinas\u201d e do thoja \u201cajri u b\u00eb mal me njer\u00ebz dhe qytetet tona rrafsh me aj\u00ebr\u201d.<br \/>\nBrochard ngre gishtin. Bashkia ngre kulla mbi kopshte botanik\u00eb. Rudin\u00ebs iu ul niveli i k\u00ebrc\u00ebnimit si t\u00eb ishte kolesterol i keq.<\/p>\n<p>Nd\u00ebrsa Rama ulet e ngrihet n\u00ebp\u00ebr studio, duke deklamuar lumturin\u00eb q\u00eb sundon sot Shqip\u00ebrin\u00eb, me krenarin\u00eb p\u00ebr \u00e7mendurin\u00eb shtet\u00ebrore e sociale q\u00eb ka injektuar e instaluar. Dhe nga e gjitha kjo panoram\u00eb, m\u2019u kujtua bash Shvejku, tek i binte gjoksit p\u00ebr koh\u00ebn e lumtur q\u00eb kishte p\u00ebrjetuar atje vet\u00eb n\u00eb \u00e7mendin\u00ebn e tij: \u201cNjeriu n\u00eb \u00e7mendin\u00eb mund t\u00eb zvarritet lakuriq mbi dysheme, mund t\u00eb ul\u00ebrij\u00eb si \u00e7akall, bile dhe mund t\u00eb kafshoj\u00eb. Sikur t\u2019i b\u00ebnte njeriu k\u00ebto n\u00eb sh\u00ebtitjen e mbr\u00ebmjes, t\u00eb gjith\u00eb do habiteshin. Kurse atje nj\u00eb gj\u00eb e till\u00eb \u00ebsht\u00eb krejt e zakonshme\u201d.<br \/>\nE kjo \u00e7mendina e Shvejkut nuk \u00ebsht\u00eb asgj\u00eb para k\u00ebsaj ton\u00ebs.<\/p>\n<p>K\u00ebtu \u00ebsht\u00eb akoma m\u00eb lumturi dhe normaliteti akoma m\u00eb i \u00e7mendur dhe e zakonshmja akoma m\u00eb e \u00e7mendur.<\/p>\n<p>K\u00ebtu k\u00ebnaqesh kur d\u00ebgjon kryeministrin q\u00eb b\u00ebn si sh\u00ebn-bamir\u00ebsia. Nuk habitesh n\u00ebse tenxhereve i thot\u00eb amfora e daulles orkest\u00ebr, n\u00ebse Macronin e ka shok e Merkelin e ka shoqe, por q\u00eb negociatat nuk ia hap\u00ebn p\u00ebr inat t\u00eb Gentit.<br \/>\nN\u00eb studiot e mediave t\u00eb cilave n\u00eb \u00e7mendin\u00ebn ton\u00eb, iu \u00ebsht\u00eb v\u00ebn\u00eb k\u00ebmisha e forc\u00ebs q\u00eb t\u00eb mos thon\u00eb t\u00eb v\u00ebrtet\u00ebn, kryeministri tregon fabula p\u00ebr r\u00ebnd\u00ebsin\u00eb e Shengenit ballkanik, tamam si miku i Shvejkut n\u00eb \u00e7mendin\u00ebn e vet, sipas t\u00eb cilit brenda globit \u00ebsht\u00eb futur nj\u00eb glob tjet\u00ebr, por q\u00eb \u00ebsht\u00eb m\u00eb i madh dhe njer\u00ebzit e zakonsh\u00ebm nuk e shihnin.<\/p>\n<p>Pastaj nxjerr gjuh\u00ebn, imiton, p\u00ebrderidhet si grua e keqe, shan si t\u00eb ishte sherxhiu i lagjes. Vrasja n\u00eb Shqip\u00ebri \u00ebsht\u00eb kaq normale, sa statistikat INSTAT-i i Ram\u00ebs i nis me numrin e vdekjeve, jo t\u00eb lindjeve. N\u00eb \u00e7mendin\u00ebn ton\u00eb nuk ka lezet q\u00eb parlamenti t\u00eb mos ket\u00eb p\u00ebrfaq\u00ebsuesit e bot\u00ebs s\u00eb madhe t\u00eb krimit.<br \/>\nKur ndonj\u00eb largohet nga sherri opozit\u00ebs, qindrat e tjer\u00eb ngrihen e mbushin arradh\u00ebt e rilindjes.<br \/>\nMij\u00ebrat e mbetur n\u00eb distanc\u00eb duartrokasin \u00e7mendurin\u00eb e rradh\u00ebs. Nd\u00ebrsa t\u00eb fandaksurit e tyre opinionist\u00eb vjellin moral sa nga nj\u00eb studio n\u00eb tjetr\u00ebn.<br \/>\nN\u00eb \u00e7mendin\u00ebn ton\u00eb, po t\u00eb revoltohesh e t\u00eb k\u00ebrkosh t\u00eb drejt\u00ebn, quhesh i \u00e7mendur dhe madje mund t\u00eb d\u00ebbojn\u00eb nga kjo parajs\u00eb mbi tok\u00eb, si anti-kushtetues si njeri q\u00eb je jasht\u00eb sistemit. P\u00ebr to duhet t\u00eb jesh pak i \u00e7mendur t\u00eb jesh brenda sistemit.<br \/>\nN\u00eb k\u00ebt\u00eb \u00e7mendin\u00eb mbi tok\u00eb ka dhe opozit\u00eb t\u00eb re, e cila ka marr\u00eb n\u00eb dor\u00eb frenat e reform\u00ebs zgjedhore, sepse ka par\u00eb n\u00eb \u00ebnd\u00ebrr q\u00eb \u00ebsht\u00eb p\u00ebrleshur me opozit\u00ebn \u201crrugore\u201d dhe p\u00ebr k\u00ebt\u00eb arsye \u00ebsht\u00eb z\u00ebn\u00eb me t\u00eb.<\/p>\n<p>Kjo opozita e re, \u00ebsht\u00eb si ai kolegu i Shvejkut q\u00eb i dukej vetja se ishte v\u00ebllimi i gjasht\u00ebmb\u00ebdhjet\u00eb i fjalorit shkencor t\u00eb Otos, p\u00ebr aktualizim i fjalorit shkencor hipotetik t\u00eb Ru\u00e7it. Nd\u00ebrkoh\u00eb rilindja \u00ebsht\u00eb zhytur kok\u00eb e k\u00ebmb\u00eb n\u00eb parajs\u00ebn \u00e7mendin\u00eb dhe jeton \u00e7mendurin\u00eb si kulm men\u00e7urie n\u00eb koh\u00ebrat e bab\u00ebzis\u00eb e pangop\u00ebsis\u00eb kolektive partiake.<\/p>\n<p>N\u00eb \u00e7mendin\u00ebn ton\u00eb grabitjen ta quajn\u00eb dhurat\u00eb, atentatin ceremoni martese, mjerimin ta shesin si luks, hidh\u00ebrimin ta b\u00ebjn\u00eb si fest\u00eb dhe m\u00eb e bukura Kryeministrin ta ilustrojn\u00eb p\u00ebr t\u00eb men\u00e7ur. E \u00e7mendurit\u00eb n\u00eb \u00e7mendin\u00ebn ton\u00eb s\u2019paskan fund\u2026<br \/>\nMjer\u00eb ai q\u00eb nuk e ka provuar \u00e7do t\u00eb thot\u00eb t\u00eb jetosh n\u00eb \u00e7mendin\u00ebn ton\u00eb.<\/p>\n","protected":false},"excerpt":{"rendered":"<p>Ish-deputetit i Partis\u00eb Demokratike Lu\u00e7iano Bo\u00e7i ka analizuar \u00a0me nj\u00eb postim t\u00eb gjat\u00eb n\u00eb \u201cFacebook\u201d zhvillimet q\u00eb kan\u00eb ndodhur n\u00eb Shqip\u00ebri, q\u00eb nga politika e deri tek ngjarja e r\u00ebnd\u00eb e Durr\u00ebsit, ku prokuroria Arjan Ndoji dhe dy t\u00eb tjer\u00eb mbet\u00ebn t\u00eb plagosur. P\u00ebrmes sh\u00ebnimit t\u00eb tij, Lu\u00e7iano Bo\u00e7i t\u00eb gjitha k\u00ebto zhvillime i etiketon [&hellip;]<\/p>\n","protected":false},"author":2013,"featured_media":59429,"comment_status":"open","ping_status":"closed","sticky":false,"template":"","format":"standard","meta":{"footnotes":""},"categories":[241,235],"tags":[],"class_list":{"0":"post-112135","1":"post","2":"type-post","3":"status-publish","4":"format-standard","5":"has-post-thumbnail","7":"category-aktualitet","8":"category-vendi"},"_links":{"self":[{"href":"https:\/\/zjarr.tv\/sq\/wp-json\/wp\/v2\/posts\/112135","targetHints":{"allow":["GET"]}}],"collection":[{"href":"https:\/\/zjarr.tv\/sq\/wp-json\/wp\/v2\/posts"}],"about":[{"href":"https:\/\/zjarr.tv\/sq\/wp-json\/wp\/v2\/types\/post"}],"author":[{"embeddable":true,"href":"https:\/\/zjarr.tv\/sq\/wp-json\/wp\/v2\/users\/2013"}],"replies":[{"embeddable":true,"href":"https:\/\/zjarr.tv\/sq\/wp-json\/wp\/v2\/comments?post=112135"}],"version-history":[{"count":0,"href":"https:\/\/zjarr.tv\/sq\/wp-json\/wp\/v2\/posts\/112135\/revisions"}],"wp:featuredmedia":[{"embeddable":true,"href":"https:\/\/zjarr.tv\/sq\/wp-json\/wp\/v2\/media\/59429"}],"wp:attachment":[{"href":"https:\/\/zjarr.tv\/sq\/wp-json\/wp\/v2\/media?parent=112135"}],"wp:term":[{"taxonomy":"category","embeddable":true,"href":"https:\/\/zjarr.tv\/sq\/wp-json\/wp\/v2\/categories?post=112135"},{"taxonomy":"post_tag","embeddable":true,"href":"https:\/\/zjarr.tv\/sq\/wp-json\/wp\/v2\/tags?post=112135"}],"curies":[{"name":"wp","href":"https:\/\/api.w.org\/{rel}","templated":true}]}}