{"id":112149,"date":"2019-11-04T14:07:11","date_gmt":"2019-11-04T13:07:11","guid":{"rendered":"https:\/\/zjarr.tv\/?p=112149"},"modified":"2019-11-04T14:07:11","modified_gmt":"2019-11-04T13:07:11","slug":"publikohet-lista-ja-drejtuesit-e-policise-ne-qarqe-qe-i-nenshtrohen-vetingut","status":"publish","type":"post","link":"https:\/\/zjarr.tv\/sq\/publikohet-lista-ja-drejtuesit-e-policise-ne-qarqe-qe-i-nenshtrohen-vetingut\/","title":{"rendered":"Publikohet lista\/ Ja drejtuesit e policis\u00eb n\u00eb qarqe q\u00eb i n\u00ebnshtrohen vetingut"},"content":{"rendered":"<p>Eshte publikuar dhe lista me emra e drejtuesve t\u00eb policis\u00eb n\u00eb qarqe t\u00eb cilet do i n\u00ebnshtrohen vetingut, n\u00eb shortin e dyt\u00eb.<\/p>\n<p>Behet fjale per te gjithe drejtoret e drejtorive te policive ne qarqe dhe ato te kufirit.<\/p>\n<div id=\"rekl-28\"><\/div>\n<p>Ne liste jane edhe zv\/drejtoret e policise.<\/p>\n<p>Emrat jan\u00eb publikuar n\u00eb Komisionin e Jasht\u00ebm t\u00eb Vler\u00ebsimit.<\/p>\n<p><strong>Me poshte lista e plote<\/strong><\/p>\n<table border=\"0\" cellspacing=\"0\" cellpadding=\"0\">\n<tbody>\n<tr>\n<td><strong>Grada<\/strong><\/td>\n<td><strong>Emri<\/strong><\/td>\n<td><strong>At\u00ebsia<\/strong><\/td>\n<td><strong>Mbiemri<\/strong><\/td>\n<td><strong>Pozicioni<\/strong><\/td>\n<td>&nbsp;<\/td>\n<\/tr>\n<tr>\n<td>1<\/td>\n<td>Drejtues i Par\u00eb<\/td>\n<td>Alfred<\/td>\n<td>Xhemal<\/td>\n<td>\u00c7epe<\/td>\n<td>Drejtor i Drejtoris\u00eb \u00a0Policis\u00eb Vendore Durr\u00ebs<\/td>\n<\/tr>\n<tr>\n<td>2<\/td>\n<td>Drejtues<\/td>\n<td>Hasan<\/td>\n<td>Iljaz<\/td>\n<td>Ahmetaj<\/td>\n<td>Drejtor i Drejtoris\u00eb \u00a0Policis\u00eb Vendore Berat<\/td>\n<\/tr>\n<tr>\n<td>3<\/td>\n<td>Drejtues<\/td>\n<td>Perlat<\/td>\n<td>Rexhep<\/td>\n<td>Vatoci<\/td>\n<td>Drejtor i Drejtoris\u00eb \u00a0Policis\u00eb Vendore Gjirokast\u00ebr<\/td>\n<\/tr>\n<tr>\n<td>4<\/td>\n<td>Drejtues<\/td>\n<td>Artion<\/td>\n<td>Apostol<\/td>\n<td>Duka<\/td>\n<td>Drejtor i Drejtoris\u00eb \u00a0Policis\u00eb Vendore Vlor\u00eb<\/td>\n<\/tr>\n<tr>\n<td>5<\/td>\n<td>Kryekomisar<\/td>\n<td>Andon<\/td>\n<td>Sotir<\/td>\n<td>Marko<\/td>\n<td>Drejtor i Drejtoris\u00eb \u00a0Policis\u00eb Vendore Fier<\/td>\n<\/tr>\n<tr>\n<td>6<\/td>\n<td>Drejtues<\/td>\n<td>Arjan<\/td>\n<td>Selim<\/td>\n<td>Mu\u00e7a<\/td>\n<td>Drejtor i Drejtoris\u00eb \u00a0Policis\u00eb Vendore Elbasan<\/td>\n<\/tr>\n<tr>\n<td>7<\/td>\n<td>Drejtues i Par\u00eb<\/td>\n<td>Lorenc<\/td>\n<td>Kristo<\/td>\n<td>Panganika<\/td>\n<td>Drejtor i Drejtoris\u00eb \u00a0Policis\u00eb Vendore Kor\u00e7\u00eb<\/td>\n<\/tr>\n<tr>\n<td>8<\/td>\n<td>Kryekomisar<\/td>\n<td>Ylli<\/td>\n<td>Mark<\/td>\n<td>Doda<\/td>\n<td>Drejtor i Drejtoris\u00eb Policis\u00eb Vendore Dib\u00ebr<\/td>\n<\/tr>\n<tr>\n<td>9<\/td>\n<td>Drejtues<\/td>\n<td>Zef<\/td>\n<td>Pashk<\/td>\n<td>Laska<\/td>\n<td>Drejtor i Drejtoris\u00eb Policis\u00eb Vendore Kuk\u00ebs<\/td>\n<\/tr>\n<tr>\n<td>10<\/td>\n<td>Drejtues i Par\u00eb<\/td>\n<td>Niko<\/td>\n<td>Axhem<\/td>\n<td>Brahimaj<\/td>\n<td>Drejtor i Drejtoris\u00eb Policis\u00eb Vendore Shkod\u00ebr<\/td>\n<\/tr>\n<tr>\n<td>11<\/td>\n<td>Drejtues<\/td>\n<td>Ferdinand<\/td>\n<td>Bajram<\/td>\n<td>Mara<\/td>\n<td>Drejtor i Drejtoris\u00eb Policis\u00eb Vendore Lezh\u00eb<\/td>\n<\/tr>\n<tr>\n<td>12<\/td>\n<td>Drejtues<\/td>\n<td>Enkeleda<\/td>\n<td>Enver<\/td>\n<td>Toska<\/td>\n<td>Drejtor i Drejtoris\u00eb Vendore t\u00eb Kufirit dhe Migracionit Tiran\u00eb<\/td>\n<\/tr>\n<tr>\n<td>13<\/td>\n<td>Drejtues<\/td>\n<td>Ndue<\/td>\n<td>Mark<\/td>\n<td>Do\u00e7i<\/td>\n<td>Drejtor I Drejtoris\u00eb Vendore t\u00eb Kufirit dhe Migracionit Durr\u00ebs<\/td>\n<\/tr>\n<tr>\n<td>14<\/td>\n<td>Kryekomisar<\/td>\n<td>Idajet<\/td>\n<td>Shaban<\/td>\n<td>Hoxha<\/td>\n<td>Drejtor I Drejtoris\u00eb Vendore t\u00eb Kufirit dhe Migracionit Gjirokast\u00ebr<\/td>\n<\/tr>\n<tr>\n<td>15<\/td>\n<td>Kryekomisar<\/td>\n<td>Luan<\/td>\n<td>Gezim<\/td>\n<td>Hysenj<\/td>\n<td>Drejtor i Drejtoris\u00eb Vendore t\u00eb Kufirit dhe Migracionit Vlor\u00eb<\/td>\n<\/tr>\n<tr>\n<td>16<\/td>\n<td>Kryekomisar<\/td>\n<td>Arben<\/td>\n<td>Gjergji<\/td>\n<td>Joco<\/td>\n<td>Drejtor i Drejtoris\u00eb Vendore t\u00eb Kufirit dhe Migracionit Kor\u00e7\u00eb<\/td>\n<\/tr>\n<tr>\n<td>17<\/td>\n<td>Kryekomisar<\/td>\n<td>Zija<\/td>\n<td>Mehmet<\/td>\n<td>Sulaj<\/td>\n<td>Drejtor i Drejtoris\u00eb Vendore t\u00eb Kufirit dhe Migracionit Kuk\u00ebs<\/td>\n<\/tr>\n<tr>\n<td>18<\/td>\n<td>Drejtues<\/td>\n<td>Krenar<\/td>\n<td>Veli<\/td>\n<td>Mu\u00e7o<\/td>\n<td>Drejtor i Drejtoris\u00eb Vendore t\u00eb Kufirit dhe Migracionit Shkod\u00ebr<\/td>\n<\/tr>\n<tr>\n<td>19<\/td>\n<td>Drejtues i Lart\u00eb<\/td>\n<td>Bilbil<\/td>\n<td>Shefqet<\/td>\n<td>Memaj<\/td>\n<td>Drejtori\/Rektori i Akademis\u00eb \u00a0Siguris\u00eb<\/td>\n<\/tr>\n<tr>\n<td>20<\/td>\n<td>Drejtues i Par\u00eb<\/td>\n<td>Gentjan<\/td>\n<td>Agron<\/td>\n<td>Shehaj<\/td>\n<td>Drejtor i Drejtoris\u00eb s\u00eb Planifikimit dhe Kontrollit, n\u00eb Akademin\u00eb e Siguris\u00eb<\/td>\n<\/tr>\n<tr>\n<td>21<\/td>\n<td>Drejtues i Par\u00eb<\/td>\n<td>Ilirjan<\/td>\n<td>Kadri<\/td>\n<td>Mandro<\/td>\n<td>Drejtor\/Dekan n\u00eb Fakulteti i Siguris\u00eb dhe Hetimit, n\u00eb Akademin\u00eb e Siguris\u00eb<\/td>\n<\/tr>\n<tr>\n<td>22<\/td>\n<td>Drejtues<\/td>\n<td>Mehdi<\/td>\n<td>Enver<\/td>\n<td>\u00c7anga<\/td>\n<td>Drejtori\/Administratori n\u00eb Drejtorin\u00eb e Sh\u00ebrbimeve t\u00eb Brendshme, n\u00eb Akademin\u00eb e Siguris\u00eb<\/td>\n<\/tr>\n<tr>\n<td>23<\/td>\n<td>Drejtues<\/td>\n<td>Xhavit<\/td>\n<td>Feta<\/td>\n<td>Shala<\/td>\n<td>Drejtor i Qendr\u00ebs K\u00ebrkimore Shkencore, n\u00eb Akademin\u00eb e Siguris\u00eb<\/td>\n<\/tr>\n<tr>\n<td>24<\/td>\n<td>Drejtues<\/td>\n<td>Ylli<\/td>\n<td>Mitro<\/td>\n<td>Vasili<\/td>\n<td>Drejtor i Kolegjit Profesional i Lart\u00eb \u201cKolegji I Policis\u00eb\u201d, n\u00eb Akademin\u00eb e Siguris\u00eb<\/td>\n<\/tr>\n<tr>\n<td>25<\/td>\n<td>Drejtues<\/td>\n<td>Dhimitraq<\/td>\n<td>Jorgaq<\/td>\n<td>Ziu<\/td>\n<td>Z\u00ebvend\u00ebsdrejtor p\u00ebr Sigurin\u00eb Publike n\u00eb DVP Tiran\u00eb<\/td>\n<\/tr>\n<tr>\n<td>26<\/td>\n<td>Kryekomisar<\/td>\n<td>Arsen<\/td>\n<td>Mitat<\/td>\n<td>Sinamataj<\/td>\n<td>Z\u00ebvend\u00ebsdrejtor p\u00ebr Hetimin e Krimit t\u00eb Organizuar dhe K.R\u00ebnda<\/td>\n<\/tr>\n<tr>\n<td>27<\/td>\n<td>Kryekomisar<\/td>\n<td>Edvin<\/td>\n<td>Jak<\/td>\n<td>Ndreu<\/td>\n<td>Z\u00ebvend\u00ebsdrejtor p\u00ebr hetimin e krimeve n\u00eb DVP Durr\u00ebs<\/td>\n<\/tr>\n<tr>\n<td>28<\/td>\n<td>Drejtues<\/td>\n<td>Gani<\/td>\n<td>Isa<\/td>\n<td>Zeneli<\/td>\n<td>Z\u00ebvend\u00ebsdrejtor p\u00ebr Sigurin\u00eb dhe Policimin n\u00eb Komunitet n\u00eb DVP Durr\u00ebs<\/td>\n<\/tr>\n<tr>\n<td>29<\/td>\n<td>Drejtues<\/td>\n<td>Fatmir<\/td>\n<td>Resmi<\/td>\n<td>Hoxha<\/td>\n<td>Z\u00ebvend\u00ebsdrejtor p\u00ebr hetimin e krimeve n\u00eb DVP Berat<\/td>\n<\/tr>\n<tr>\n<td>30<\/td>\n<td>Drejtues<\/td>\n<td>Arjan<\/td>\n<td>Tafil<\/td>\n<td>Feri<\/td>\n<td>Z\u00ebvend\u00ebsdrejtor p\u00ebr Sigurin\u00eb dhe Policimin n\u00eb Komunitet n\u00eb DVP Berat<\/td>\n<\/tr>\n<tr>\n<td>31<\/td>\n<td>Drejtues<\/td>\n<td>Bajram<\/td>\n<td>Sheme<\/td>\n<td>Marra<\/td>\n<td>Z\u00ebvend\u00ebsdrejtor p\u00ebr hetimin e krimeve n\u00eb DVP Gjirokast\u00ebr<\/td>\n<\/tr>\n<tr>\n<td>32<\/td>\n<td>Drejtues<\/td>\n<td>Ko\u00e7o<\/td>\n<td>Trifon<\/td>\n<td>Dafa<\/td>\n<td>Z\u00ebvend\u00ebsdrejtor p\u00ebr Sigurin\u00eb dhe Policimin n\u00eb Komunitet n\u00eb DVP Gjirokast\u00ebr<\/td>\n<\/tr>\n<tr>\n<td>33<\/td>\n<td>Kryekomisar<\/td>\n<td>Gentian<\/td>\n<td>Habip<\/td>\n<td>Berberi<\/td>\n<td>Z\u00ebvend\u00ebsdrejtor p\u00ebr hetimin e krimeve n\u00eb DVP Vlor\u00eb<\/td>\n<\/tr>\n<tr>\n<td>34<\/td>\n<td>Kryekomisar<\/td>\n<td>Artur<\/td>\n<td>Lavdi<\/td>\n<td>Selimaj<\/td>\n<td>Z\u00ebvend\u00ebsdrejtor p\u00ebr Sigurin\u00eb dhe Policimin n\u00eb Komunitet n\u00eb DVP Vlor\u00eb<\/td>\n<\/tr>\n<tr>\n<td>35<\/td>\n<td>Kryekomisar<\/td>\n<td>Arjan<\/td>\n<td>Ramadan<\/td>\n<td>Kurti<\/td>\n<td>Z\u00ebvend\u00ebsdrejtor p\u00ebr krimet n\u00eb Drejtorin\u00eb e Policis\u00eb Vendore Fier<\/td>\n<\/tr>\n<tr>\n<td>36<\/td>\n<td>Kryekomisar<\/td>\n<td>Luigj<\/td>\n<td>Pjeter<\/td>\n<td>Vathi<\/td>\n<td>Z\u00ebvend\u00ebsdrejtor p\u00ebr Sigurin\u00eb dhe Policimin n\u00eb Komunitet n\u00eb DVP Fier<\/td>\n<\/tr>\n<tr>\n<td>37<\/td>\n<td>Drejtues<\/td>\n<td>Ilirjan<\/td>\n<td>Selajdin<\/td>\n<td>Balla<\/td>\n<td>Z\u00ebvend\u00ebsdrejtor p\u00ebr hetimin e krimeve n\u00eb DVP Elbasan<\/td>\n<\/tr>\n<tr>\n<td>38<\/td>\n<td>Drejtues<\/td>\n<td>Albert<\/td>\n<td>Trifon<\/td>\n<td>Nushi<\/td>\n<td>Z\u00ebvend\u00ebsdrejtor p\u00ebr Sigurin\u00eb dhe Policimin n\u00eb Komunitet n\u00eb DVP Elbasan<\/td>\n<\/tr>\n<tr>\n<td>39<\/td>\n<td>Kryekomisar<\/td>\n<td>Alfred<\/td>\n<td>Hasan<\/td>\n<td>Nomani<\/td>\n<td>Z\u00ebvend\u00ebsdrejtor p\u00ebr hetimin e krimeve n\u00eb DVP Kor\u00e7\u00eb<\/td>\n<\/tr>\n<tr>\n<td>40<\/td>\n<td>Drejtues<\/td>\n<td>Hamdi<\/td>\n<td>Mehmet<\/td>\n<td>Fjora<\/td>\n<td>Z\u00ebvend\u00ebsdrejtor p\u00ebr Sigurin\u00eb dhe Policimin n\u00eb Komunitet n\u00eb DVP Kor\u00e7\u00eb<\/td>\n<\/tr>\n<tr>\n<td>41<\/td>\n<td>Drejtues<\/td>\n<td>Erzen<\/td>\n<td>Ali<\/td>\n<td>Cera<\/td>\n<td>Z\u00ebvend\u00ebsdrejtor p\u00ebr hetimin e krimeve n\u00eb DVP Dib\u00ebr<\/td>\n<\/tr>\n<tr>\n<td>42<\/td>\n<td>Drejtues<\/td>\n<td>Sadri<\/td>\n<td>Mu\u00e7<\/td>\n<td>Ram\u00e7aj<\/td>\n<td>Z\u00ebvend\u00ebsdrejtor p\u00ebr Sigurin\u00eb dhe Policimin n\u00eb Komunitet n\u00eb DVP Dib\u00ebr<\/td>\n<\/tr>\n<tr>\n<td>43<\/td>\n<td>Kryekomisar<\/td>\n<td>Shkelzen<\/td>\n<td>Enver<\/td>\n<td>Rexhepi<\/td>\n<td>Z\u00ebvend\u00ebsdrejtor p\u00ebr hetimin e krimeve n\u00eb DVP Kuk\u00ebs<\/td>\n<\/tr>\n<tr>\n<td>44<\/td>\n<td>Drejtues<\/td>\n<td>Albert<\/td>\n<td>Enver<\/td>\n<td>Pataj<\/td>\n<td>Z\u00ebvend\u00ebsdrejtor p\u00ebr Sigurin\u00eb dhe Policimin n\u00eb Komunitet n\u00eb DVP Kuk\u00ebs<\/td>\n<\/tr>\n<tr>\n<td>45<\/td>\n<td>Drejtues<\/td>\n<td>Skender<\/td>\n<td>Agron<\/td>\n<td>Hita<\/td>\n<td>Z\u00ebvend\u00ebsdrejtor p\u00ebr hetimin e krimeve n\u00eb DVP Shkod\u00ebr<\/td>\n<\/tr>\n<tr>\n<td>46<\/td>\n<td>Drejtues<\/td>\n<td>Afrim<\/td>\n<td>Azis<\/td>\n<td>Tafa<\/td>\n<td>Z\u00ebvend\u00ebsdrejtor p\u00ebr Sigurin\u00eb dhe Policimin n\u00eb Komunitet n\u00eb DVP Shkod\u00ebr<\/td>\n<\/tr>\n<tr>\n<td>47<\/td>\n<td>Drejtues<\/td>\n<td>Adriatik<\/td>\n<td>Gezim<\/td>\n<td>Taf\u00e7iu<\/td>\n<td>Z\u00ebvend\u00ebsdrejtor p\u00ebr hetimin e krimeve n\u00eb DVP Lezh\u00eb.<\/td>\n<\/tr>\n<\/tbody>\n<\/table>\n","protected":false},"excerpt":{"rendered":"<p>Eshte publikuar dhe lista me emra e drejtuesve t\u00eb policis\u00eb n\u00eb qarqe t\u00eb cilet do i n\u00ebnshtrohen vetingut, n\u00eb shortin e dyt\u00eb. Behet fjale per te gjithe drejtoret e drejtorive te policive ne qarqe dhe ato te kufirit. Ne liste jane edhe zv\/drejtoret e policise. Emrat jan\u00eb publikuar n\u00eb Komisionin e Jasht\u00ebm t\u00eb Vler\u00ebsimit. Me [&hellip;]<\/p>\n","protected":false},"author":2013,"featured_media":88502,"comment_status":"open","ping_status":"closed","sticky":false,"template":"","format":"standard","meta":{"footnotes":""},"categories":[241,235],"tags":[],"class_list":{"0":"post-112149","1":"post","2":"type-post","3":"status-publish","4":"format-standard","5":"has-post-thumbnail","7":"category-aktualitet","8":"category-vendi"},"_links":{"self":[{"href":"https:\/\/zjarr.tv\/sq\/wp-json\/wp\/v2\/posts\/112149","targetHints":{"allow":["GET"]}}],"collection":[{"href":"https:\/\/zjarr.tv\/sq\/wp-json\/wp\/v2\/posts"}],"about":[{"href":"https:\/\/zjarr.tv\/sq\/wp-json\/wp\/v2\/types\/post"}],"author":[{"embeddable":true,"href":"https:\/\/zjarr.tv\/sq\/wp-json\/wp\/v2\/users\/2013"}],"replies":[{"embeddable":true,"href":"https:\/\/zjarr.tv\/sq\/wp-json\/wp\/v2\/comments?post=112149"}],"version-history":[{"count":0,"href":"https:\/\/zjarr.tv\/sq\/wp-json\/wp\/v2\/posts\/112149\/revisions"}],"wp:featuredmedia":[{"embeddable":true,"href":"https:\/\/zjarr.tv\/sq\/wp-json\/wp\/v2\/media\/88502"}],"wp:attachment":[{"href":"https:\/\/zjarr.tv\/sq\/wp-json\/wp\/v2\/media?parent=112149"}],"wp:term":[{"taxonomy":"category","embeddable":true,"href":"https:\/\/zjarr.tv\/sq\/wp-json\/wp\/v2\/categories?post=112149"},{"taxonomy":"post_tag","embeddable":true,"href":"https:\/\/zjarr.tv\/sq\/wp-json\/wp\/v2\/tags?post=112149"}],"curies":[{"name":"wp","href":"https:\/\/api.w.org\/{rel}","templated":true}]}}