{"id":112151,"date":"2019-11-04T14:08:11","date_gmt":"2019-11-04T13:08:11","guid":{"rendered":"https:\/\/zjarr.tv\/?p=112151"},"modified":"2019-11-04T14:08:11","modified_gmt":"2019-11-04T13:08:11","slug":"moti-i-keq-gjysma-e-fshatrave-te-lezhes-pa-energji-elektrike","status":"publish","type":"post","link":"https:\/\/zjarr.tv\/sq\/moti-i-keq-gjysma-e-fshatrave-te-lezhes-pa-energji-elektrike\/","title":{"rendered":"Moti i keq\/ Gjysma e fshatrave t\u00eb Lezh\u00ebs pa energji elektrike"},"content":{"rendered":"<p>Q\u00eb prej mbremjes s\u00eb kaluar nj\u00eb pjes\u00eb e madhe e fshatrave t\u00eb Lezh\u00ebs jan\u00eb pa energji elektrike si dhe disa lagje t\u00eb qytetit. Shkak \u00ebsht\u00eb b\u00ebr\u00eb moti i keq me shi, era t\u00eb forta si dhe rrjeti elktrik i amortizuar.<\/p>\n<p>Sipas oshee situata \u00ebsht\u00eb problematike sidomos n\u00eb zonat rurale ku rrjeti \u00ebsht\u00eb i amortizuar.<\/p>\n<p>Problem gjat\u00eb nat\u00ebs ka qen\u00eb edhe mosfunksionimi i Hidrovorit t\u00eb Gjadrit, kjo pasi nuk ka nj\u00eb linje t\u00eb dedikuar. Sipas drejtorit t\u00eb komanduar t\u00eb OSHEE n\u00eb Lezh\u00eb Arqile Kokdhima, \u00ebsht\u00eb Ministria e Bujq\u00ebsis\u00eb e cila duhet t\u00eb investoj\u00eb n\u00eb k\u00ebt\u00eb hidrovor p\u00ebr ti dh\u00ebn\u00eb zgjidhje k\u00ebtij e problemi.<\/p>\n","protected":false},"excerpt":{"rendered":"<p>Q\u00eb prej mbremjes s\u00eb kaluar nj\u00eb pjes\u00eb e madhe e fshatrave t\u00eb Lezh\u00ebs jan\u00eb pa energji elektrike si dhe disa lagje t\u00eb qytetit. Shkak \u00ebsht\u00eb b\u00ebr\u00eb moti i keq me shi, era t\u00eb forta si dhe rrjeti elktrik i amortizuar. Sipas oshee situata \u00ebsht\u00eb problematike sidomos n\u00eb zonat rurale ku rrjeti \u00ebsht\u00eb i amortizuar. Problem [&hellip;]<\/p>\n","protected":false},"author":2013,"featured_media":112152,"comment_status":"open","ping_status":"closed","sticky":false,"template":"","format":"standard","meta":{"footnotes":""},"categories":[241,235],"tags":[],"class_list":{"0":"post-112151","1":"post","2":"type-post","3":"status-publish","4":"format-standard","5":"has-post-thumbnail","7":"category-aktualitet","8":"category-vendi"},"_links":{"self":[{"href":"https:\/\/zjarr.tv\/sq\/wp-json\/wp\/v2\/posts\/112151","targetHints":{"allow":["GET"]}}],"collection":[{"href":"https:\/\/zjarr.tv\/sq\/wp-json\/wp\/v2\/posts"}],"about":[{"href":"https:\/\/zjarr.tv\/sq\/wp-json\/wp\/v2\/types\/post"}],"author":[{"embeddable":true,"href":"https:\/\/zjarr.tv\/sq\/wp-json\/wp\/v2\/users\/2013"}],"replies":[{"embeddable":true,"href":"https:\/\/zjarr.tv\/sq\/wp-json\/wp\/v2\/comments?post=112151"}],"version-history":[{"count":0,"href":"https:\/\/zjarr.tv\/sq\/wp-json\/wp\/v2\/posts\/112151\/revisions"}],"wp:featuredmedia":[{"embeddable":true,"href":"https:\/\/zjarr.tv\/sq\/wp-json\/wp\/v2\/media\/112152"}],"wp:attachment":[{"href":"https:\/\/zjarr.tv\/sq\/wp-json\/wp\/v2\/media?parent=112151"}],"wp:term":[{"taxonomy":"category","embeddable":true,"href":"https:\/\/zjarr.tv\/sq\/wp-json\/wp\/v2\/categories?post=112151"},{"taxonomy":"post_tag","embeddable":true,"href":"https:\/\/zjarr.tv\/sq\/wp-json\/wp\/v2\/tags?post=112151"}],"curies":[{"name":"wp","href":"https:\/\/api.w.org\/{rel}","templated":true}]}}