{"id":112167,"date":"2019-11-04T14:12:24","date_gmt":"2019-11-04T13:12:24","guid":{"rendered":"https:\/\/zjarr.tv\/?p=112167"},"modified":"2019-11-04T14:12:24","modified_gmt":"2019-11-04T13:12:24","slug":"rreziqet-nga-nderhyrja-kineze-ne-teknologjine-5g-mediu-urgjent-per-zgjidhje-vendimi-si-takon-rames","status":"publish","type":"post","link":"https:\/\/zjarr.tv\/sq\/rreziqet-nga-nderhyrja-kineze-ne-teknologjine-5g-mediu-urgjent-per-zgjidhje-vendimi-si-takon-rames\/","title":{"rendered":"Rreziqet nga nd\u00ebrhyrja kineze n\u00eb teknologjin\u00eb 5G, Mediu: Urgjent p\u00ebr zgjidhje, vendimi s\u2019i takon Ram\u00ebs"},"content":{"rendered":"<p>Fatmir Mediu, ish-minist\u00ebr i Mbrojtjes, ka reaguar sot lidhur me vendimin e qeveris\u00eb shqiptare p\u00ebr t\u2019ia besuar rrjetin 5G n\u00eb Shqip\u00ebri, nj\u00eb kompanie kineze. Mediu u shpreh se \u201cShqip\u00ebria, qeveria, gjith\u00eb politika, duhet t\u00eb jen\u00eb t\u00eb p\u00ebrgjegjsh\u00ebm n\u00eb partner\u00ebt q\u00eb zgjedhin edhe n\u00eb sektorin privat sidomos ato q\u00eb jane lidhur ngusht\u00eb me sigurin\u00eb&#8221; dhe solli n\u00eb v\u00ebmendjen shqet\u00ebsimin e ngritur nga SHBA.<\/p>\n<p>&#8220;Sekretari i Shtetit Pompeo b\u00ebri thirrje n\u00eb Maqedonine e Veriut q\u00eb duhet t\u00eb ndalet nd\u00ebrhyrja kineze n\u00eb teknologjine 5G. Ambasada Amerikane n\u00eb Tiran\u00eb b\u00ebn thirrje q\u00eb partner\u00ebt q\u00eb zgjidhen p\u00ebr 5G duhet t\u00eb zgjidhen me kujdes, &#8211;\u00a0v\u00ebren Mediu. &#8211;\u00a0\u00a0N\u00eb jemi vend an\u00ebtar i NATO dhe SHBA jan\u00eb partneri yn\u00eb strategjik. \u00a0N\u00eb m\u00ebnyr\u00eb urgjente kjo \u00e7\u00ebshtje duhet t\u00eb shtrohet p\u00ebr zgjidhje, nuk i takon nj\u00eb qeverie, por gjith\u00eb vendit dhe detyrimeve qe kemi si vend an\u00ebtar i NATO p\u00ebr t\u00eb p\u00ebrcaktuar k\u00ebto marr\u00ebdh\u00ebnie.&#8221;<\/p>\n","protected":false},"excerpt":{"rendered":"<p>Fatmir Mediu, ish-minist\u00ebr i Mbrojtjes, ka reaguar sot lidhur me vendimin e qeveris\u00eb shqiptare p\u00ebr t\u2019ia besuar rrjetin 5G n\u00eb Shqip\u00ebri, nj\u00eb kompanie kineze. Mediu u shpreh se \u201cShqip\u00ebria, qeveria, gjith\u00eb politika, duhet t\u00eb jen\u00eb t\u00eb p\u00ebrgjegjsh\u00ebm n\u00eb partner\u00ebt q\u00eb zgjedhin edhe n\u00eb sektorin privat sidomos ato q\u00eb jane lidhur ngusht\u00eb me sigurin\u00eb&#8221; dhe solli [&hellip;]<\/p>\n","protected":false},"author":2013,"featured_media":112095,"comment_status":"open","ping_status":"closed","sticky":false,"template":"","format":"standard","meta":{"footnotes":""},"categories":[241,235],"tags":[],"class_list":{"0":"post-112167","1":"post","2":"type-post","3":"status-publish","4":"format-standard","5":"has-post-thumbnail","7":"category-aktualitet","8":"category-vendi"},"_links":{"self":[{"href":"https:\/\/zjarr.tv\/sq\/wp-json\/wp\/v2\/posts\/112167","targetHints":{"allow":["GET"]}}],"collection":[{"href":"https:\/\/zjarr.tv\/sq\/wp-json\/wp\/v2\/posts"}],"about":[{"href":"https:\/\/zjarr.tv\/sq\/wp-json\/wp\/v2\/types\/post"}],"author":[{"embeddable":true,"href":"https:\/\/zjarr.tv\/sq\/wp-json\/wp\/v2\/users\/2013"}],"replies":[{"embeddable":true,"href":"https:\/\/zjarr.tv\/sq\/wp-json\/wp\/v2\/comments?post=112167"}],"version-history":[{"count":0,"href":"https:\/\/zjarr.tv\/sq\/wp-json\/wp\/v2\/posts\/112167\/revisions"}],"wp:featuredmedia":[{"embeddable":true,"href":"https:\/\/zjarr.tv\/sq\/wp-json\/wp\/v2\/media\/112095"}],"wp:attachment":[{"href":"https:\/\/zjarr.tv\/sq\/wp-json\/wp\/v2\/media?parent=112167"}],"wp:term":[{"taxonomy":"category","embeddable":true,"href":"https:\/\/zjarr.tv\/sq\/wp-json\/wp\/v2\/categories?post=112167"},{"taxonomy":"post_tag","embeddable":true,"href":"https:\/\/zjarr.tv\/sq\/wp-json\/wp\/v2\/tags?post=112167"}],"curies":[{"name":"wp","href":"https:\/\/api.w.org\/{rel}","templated":true}]}}