{"id":112169,"date":"2019-11-04T14:13:09","date_gmt":"2019-11-04T13:13:09","guid":{"rendered":"https:\/\/zjarr.tv\/?p=112169"},"modified":"2019-11-04T14:13:09","modified_gmt":"2019-11-04T13:13:09","slug":"meta-ne-ekspoziten-notre-drame-de-tiran-kur-qytetaret-nuk-gezojne-sovranitetin-rrezikohet-edhe","status":"publish","type":"post","link":"https:\/\/zjarr.tv\/sq\/meta-ne-ekspoziten-notre-drame-de-tiran-kur-qytetaret-nuk-gezojne-sovranitetin-rrezikohet-edhe\/","title":{"rendered":"Meta n\u00eb ekspozit\u00ebn, \u2018Notre Drame de Tiran\u2019: Kur qytetar\u00ebt nuk g\u00ebzojn\u00eb sovranitetin, rrezikohet edhe\u2026"},"content":{"rendered":"<div class=\"readmore-text-here\">\n<p>Presidenti i Republik\u00ebs, Ilir Meta vizitoi sot paradite ekspozit\u00ebn e hapur n\u00eb ambientet e Teatrit Komb\u00ebtar nga artisti Avni Delvina, t\u00eb titulluar \u201cNotre Drame de Tiran\u201d, n\u00ebn mb\u00ebshtetjen e Aleanc\u00ebs p\u00ebr Mbrojtjen e Teatrit.<\/p>\n<p>Pasi vizitoi punimet e artistit Delvina n\u00eb t\u00eb cilat paraqiten drejtues t\u00eb institucioneve dhe personazhe politik\u00eb dhe publik\u00eb t\u00eb vendit, Presidenti Meta u shpreh:<\/p>\n<p>\u201c\u00cbsht\u00eb nj\u00eb k\u00ebnaq\u00ebsi e ve\u00e7ant\u00eb p\u00ebr mua t\u00eb jem sot n\u00eb Teatrin ton\u00eb Komb\u00ebtar me rastin e nj\u00eb ekspozite t\u00eb artistit t\u00eb mir\u00ebnjohur, por edhe gjithnj\u00eb e m\u00eb t\u00eb dashur k\u00ebto vitet dhe muajt e fundit p\u00ebr publikun ton\u00eb, zotit Avni Delvina.<\/p>\n<p>E kam ndjekur me shum\u00eb v\u00ebmendje dhe me shum\u00eb simpati reagimin e tij si artist, por n\u00eb radh\u00eb t\u00eb par\u00eb si qytetar, si patriot, si nj\u00eb shqiptar i pafjetur p\u00ebr shqet\u00ebsimet dhe p\u00ebr brengat e vendit e t\u00eb popullit t\u00eb tij.<\/p>\n<p>Mendoj se vendosja e vlerave t\u00eb tij artistike dhe kulturore n\u00eb mbrojtje t\u00eb kauzave qytetare, demokratike dhe kulturore komb\u00ebtare e ka b\u00ebr\u00eb k\u00ebt\u00eb artist jo vet\u00ebm gjithnj\u00eb e m\u00eb t\u00eb njohur, por edhe m\u00eb t\u00eb dashur dhe m\u00eb pran\u00eb qytetar\u00ebve, sepse jetojm\u00eb n\u00eb koh\u00eb t\u00eb v\u00ebshtira, edhe p\u00ebr artist\u00ebt, edhe p\u00ebr shoq\u00ebrin\u00eb civile.<\/p>\n<p>Jetojm\u00eb n\u00eb koh\u00ebn e globalizimit, q\u00eb \u00ebsht\u00eb nj\u00eb proces, q\u00eb nuk mundet ta ndalim, pasi \u00ebsht\u00eb nj\u00eb proces nga i cili edhe p\u00ebrfitojm\u00eb, por q\u00eb nuk duhet t\u00eb na shkomb\u00ebtarizoj\u00eb.<\/p>\n<p>K\u00ebtu del detyra n\u00eb radh\u00eb t\u00eb par\u00eb e njer\u00ebzve t\u00eb artit e t\u00eb kultur\u00ebs, p\u00ebr t\u00eb mbrojtur interesin komb\u00ebtar dhe interesin publik, p\u00ebr t\u00eb dh\u00ebn\u00eb mesazhe edhe m\u00eb t\u00eb forta n\u00eb mbrojtje t\u00eb kauzave komb\u00ebtare, t\u00eb atyre q\u00eb e forcojn\u00eb identitetin ton\u00eb dhe nuk e zhb\u00ebjn\u00eb, n\u00eb mbrojtje t\u00eb kultur\u00ebs komb\u00ebtare, t\u00eb vlerave qytetare, t\u00eb mbrojtje t\u00eb sovranitetit t\u00eb qytetar\u00ebve.<\/p>\n<p>Dua ta theksoj se n\u00eb se qytetar\u00ebt nuk g\u00ebzojn\u00eb sovranitetin e tyre t\u00eb plot\u00eb p\u00ebr t\u00eb vendosur, rrezikohet edhe sovraniteti i shtetit.<\/p>\n<p>Dhe n\u00eb t\u00eb gjitha k\u00ebto plane besoj se angazhimi, p\u00ebrkushtimi, shqet\u00ebsimet q\u00eb sjell edhe n\u00eb k\u00ebt\u00eb ekspozit\u00eb, n\u00eb k\u00ebt\u00eb vend kaq dometh\u00ebn\u00ebs, artisti i mir\u00ebnjohur Avni Delvina, jan\u00eb mjaft t\u00eb mir\u00ebpritura.<\/p>\n<p>Vendosa p\u00ebr ta nisur sot jav\u00ebn me vizit\u00ebn n\u00eb k\u00ebt\u00eb ekspozit\u00eb, edhe p\u00ebr t\u00eb qen\u00eb pak m\u00eb i qet\u00eb n\u00eb ndjekjen e gjith\u00eb k\u00ebtyre punimeve q\u00eb pasqyrojn\u00eb edhe nj\u00eb pun\u00eb mjaft voluminoze e intensive, pasi jan\u00eb krijime gati t\u00eb k\u00ebtij viti t\u00eb fundit, p\u00ebr shum\u00eb arsye. Nj\u00eb arsye \u00ebsht\u00eb se si sot shum\u00eb koh\u00eb m\u00eb par\u00eb, n\u00eb Berlinin Lindor nis\u00ebn protestat q\u00eb soll\u00ebn rr\u00ebzimin e Murit t\u00eb Berlinit.<\/p>\n<p>Ato nis\u00ebn nga artist\u00ebt, nga njer\u00ebzit e kultur\u00ebs, t\u00eb cilave iu bashkuan edhe qytetar\u00ebt me shum\u00eb p\u00ebrkushtim demokratik. E theksoj k\u00ebt\u00eb, sepse k\u00ebtu kemi nj\u00eb artist t\u00eb vet\u00ebb\u00ebr\u00eb n\u00eb nj\u00eb periudh\u00eb t\u00eb err\u00ebt t\u00eb Shqip\u00ebris\u00eb, para viteve \u201990-t\u00eb, t\u00eb privuar nga shum\u00eb mund\u00ebsi q\u00eb duhet t\u2019i kishte edhe nj\u00eb qytetar i zakonsh\u00ebm me talent, jo aq m\u00eb tep\u00ebr pasardh\u00ebsi i nj\u00eb familjeje me vlera t\u00eb jasht\u00ebzakonshme n\u00eb historin\u00eb e formimit t\u00eb shtetit ton\u00eb, q\u00eb nga Pavar\u00ebsia e n\u00eb vazhdim\u00ebsi, pasi edhe ai u takon atyre artist\u00ebve dhe shqiptar\u00ebve, t\u00eb cil\u00ebt m\u00eb 2 korrik 1990 e rr\u00ebzuan \u2018Murin e Berlinit\u2019 q\u00eb p\u00ebr ne ishin muret e ambasadave t\u00eb huaja n\u00eb Tiran\u00eb.<\/p>\n<p>Jemi me fat q\u00eb nj\u00eb artist i till\u00eb, i rritur n\u00eb nivele mjaft cil\u00ebsore n\u00eb Per\u00ebndim gjat\u00eb k\u00ebsaj periudhe, vet\u00ebm fizikisht nuk jeton k\u00ebtu, pasi ai shpirt\u00ebrisht, intelektualisht \u00ebsht\u00eb \u00e7do dit\u00eb i pranish\u00ebm n\u00eb vendin e tij, n\u00eb qytetin e tij dhe \u00ebsht\u00eb edhe n\u00eb protest\u00eb p\u00ebr t\u00eb gjitha kauzat e drejta, qytetare, demokratike, komb\u00ebtare, kulturore me veprat e tij.<\/p>\n<p>\u00cbsht\u00eb nj\u00eb shembull i shk\u00eblqyer i artistit dhe i p\u00ebrfaq\u00ebsuesit t\u00eb shoq\u00ebris\u00eb civile, q\u00eb nuk pranon t\u00eb nxjerr\u00eb n\u00eb treg vlerat e tij artistike n\u00eb k\u00ebmbim t\u00eb mbylljes s\u00eb syve para kauzave m\u00eb t\u00eb r\u00ebnd\u00ebsishme q\u00eb shqet\u00ebsojn\u00eb vendin, q\u00eb shqet\u00ebsojn\u00eb kombin, q\u00eb shqet\u00ebsojn\u00eb kultur\u00ebn komb\u00ebtare, pasi do t\u00eb ishte fundi i s\u00eb ardhmes s\u00eb nj\u00eb shoq\u00ebrie n\u00eb rast se t\u00eb gjith\u00eb artist\u00ebt, t\u00eb gjith\u00eb p\u00ebrfaq\u00ebsuesit e shoq\u00ebris\u00eb civile do t\u00eb konformoheshin e do t\u00eb b\u00ebnin kompromis me k\u00ebto vlera.<\/p>\n<p>T\u00eb gjith\u00eb popujt q\u00eb kan\u00eb d\u00ebgjuar shqet\u00ebsimin e artist\u00ebve t\u00eb till\u00eb, n\u00eb themelet e vepr\u00ebs s\u00eb t\u00eb cil\u00ebve q\u00ebndrojn\u00eb vlerat komb\u00ebtare, padyshim q\u00eb kan\u00eb ecur drejt s\u00eb ardhmes me guxim, me kuraj\u00eb dhe kan\u00eb merituar ndryshimin.<\/p>\n<p>N\u00eb k\u00ebt\u00eb m\u00ebnyr\u00eb e lexoj edhe un\u00eb k\u00ebt\u00eb ekspozit\u00eb t\u00eb sotme t\u00eb artistit ton\u00eb t\u00eb mir\u00ebnjohur Avni Delvina dhe ju uroj shum\u00eb suksese n\u00eb t\u00eb ardhmen!<\/p>\n<p>Dhe s\u00eb dyti, asnj\u00eb fal\u00ebnderim p\u00ebr mua nga t\u00eb gjith\u00eb artist\u00ebt k\u00ebtu, pasi un\u00eb nuk kam b\u00ebr\u00eb asgj\u00eb tjet\u00ebr ve\u00e7se detyr\u00ebn time t\u00eb p\u00ebrditshme, edhe n\u00eb \u00e7\u00ebshtjen e q\u00ebndrimit p\u00ebr Teatrin Komb\u00ebtar, duke mbrojtur Kushtetut\u00ebn, duke mbrojtur ligjin, duke mbrojtur trash\u00ebgimin\u00eb kulturore, duke mbrojtur identitetin komb\u00ebtar.<\/p>\n<p>Dhe besoj se \u00ebsht\u00eb e domosdoshme q\u00eb t\u00eb gjith\u00eb t\u00eb reflektojm\u00eb e t\u00eb dialogojm\u00eb si nj\u00eb shoq\u00ebri e qytet\u00ebruar, e emancipuar p\u00ebr t\u00eb zgjidhur t\u00eb gjitha sfidat n\u00eb m\u00ebnyr\u00eb t\u00eb arsyeshme, larg arbitraritetit, larg dhun\u00ebs, larg munges\u00ebs s\u00eb transparenc\u00ebs, larg interesave okulte, n\u00eb interes gjithmon\u00eb t\u00eb kultur\u00ebs son\u00eb, n\u00eb interes t\u00eb qytetar\u00ebve tan\u00eb, n\u00eb interes t\u00eb s\u00eb ardhmes son\u00eb, sepse e theksoj, \u00ebsht\u00eb detyra jon\u00eb q\u00eb n\u00eb k\u00ebto koh\u00eb t\u00eb v\u00ebshtira edhe m\u00eb shum\u00eb t\u00eb forcojm\u00eb vlerat komb\u00ebtare e t\u2019i mbrojm\u00eb ato, dhe nj\u00ebkoh\u00ebsisht edhe vlerat e familjes e t\u00eb gjith\u00eb shoq\u00ebris\u00eb son\u00eb, n\u00eb m\u00ebnyr\u00eb q\u00eb ne t\u00eb ecim t\u00eb sigurt n\u00eb rrug\u00ebn e p\u00ebrparimit dhe t\u00eb europianizimit t\u00eb p\u00ebrditsh\u00ebm t\u00eb shoq\u00ebris\u00eb son\u00eb.<\/p>\n<p>Nuk mund t\u00eb ket\u00eb nj\u00eb Shqip\u00ebri europiane pa identitetin e saj kulturor dhe komb\u00ebtar!\u201d<\/p>\n<p>&nbsp;<\/p>\n<div id=\"rekl-28\"><\/div>\n<div class=\"in-artile-read-more\"><span class=\"lexo-edhe\">LEXO EDHE:<\/span><\/p>\n<h2>Rreziqet nga nd\u00ebrhyrja kineze n\u00eb teknologjin\u00eb 5G, Mediu: Urgjent p\u00ebr zgjidhje, vendimi s\u2019i takon Ram\u00ebs<\/h2>\n<\/div>\n<\/div>\n<div id=\"rekl-33\"><\/div>\n","protected":false},"excerpt":{"rendered":"<p>Presidenti i Republik\u00ebs, Ilir Meta vizitoi sot paradite ekspozit\u00ebn e hapur n\u00eb ambientet e Teatrit Komb\u00ebtar nga artisti Avni Delvina, t\u00eb titulluar \u201cNotre Drame de Tiran\u201d, n\u00ebn mb\u00ebshtetjen e Aleanc\u00ebs p\u00ebr Mbrojtjen e Teatrit. Pasi vizitoi punimet e artistit Delvina n\u00eb t\u00eb cilat paraqiten drejtues t\u00eb institucioneve dhe personazhe politik\u00eb dhe publik\u00eb t\u00eb vendit, Presidenti [&hellip;]<\/p>\n","protected":false},"author":2013,"featured_media":99669,"comment_status":"open","ping_status":"closed","sticky":false,"template":"","format":"standard","meta":{"footnotes":""},"categories":[241,235],"tags":[],"class_list":{"0":"post-112169","1":"post","2":"type-post","3":"status-publish","4":"format-standard","5":"has-post-thumbnail","7":"category-aktualitet","8":"category-vendi"},"_links":{"self":[{"href":"https:\/\/zjarr.tv\/sq\/wp-json\/wp\/v2\/posts\/112169","targetHints":{"allow":["GET"]}}],"collection":[{"href":"https:\/\/zjarr.tv\/sq\/wp-json\/wp\/v2\/posts"}],"about":[{"href":"https:\/\/zjarr.tv\/sq\/wp-json\/wp\/v2\/types\/post"}],"author":[{"embeddable":true,"href":"https:\/\/zjarr.tv\/sq\/wp-json\/wp\/v2\/users\/2013"}],"replies":[{"embeddable":true,"href":"https:\/\/zjarr.tv\/sq\/wp-json\/wp\/v2\/comments?post=112169"}],"version-history":[{"count":0,"href":"https:\/\/zjarr.tv\/sq\/wp-json\/wp\/v2\/posts\/112169\/revisions"}],"wp:featuredmedia":[{"embeddable":true,"href":"https:\/\/zjarr.tv\/sq\/wp-json\/wp\/v2\/media\/99669"}],"wp:attachment":[{"href":"https:\/\/zjarr.tv\/sq\/wp-json\/wp\/v2\/media?parent=112169"}],"wp:term":[{"taxonomy":"category","embeddable":true,"href":"https:\/\/zjarr.tv\/sq\/wp-json\/wp\/v2\/categories?post=112169"},{"taxonomy":"post_tag","embeddable":true,"href":"https:\/\/zjarr.tv\/sq\/wp-json\/wp\/v2\/tags?post=112169"}],"curies":[{"name":"wp","href":"https:\/\/api.w.org\/{rel}","templated":true}]}}