{"id":112171,"date":"2019-11-04T14:13:50","date_gmt":"2019-11-04T13:13:50","guid":{"rendered":"https:\/\/zjarr.tv\/?p=112171"},"modified":"2019-11-04T14:13:50","modified_gmt":"2019-11-04T13:13:50","slug":"gazeta-e-njohur-e-quan-lider-autokrat-rama-hera-e-trete-qe-do-ndahemi-nga-europa","status":"publish","type":"post","link":"https:\/\/zjarr.tv\/sq\/gazeta-e-njohur-e-quan-lider-autokrat-rama-hera-e-trete-qe-do-ndahemi-nga-europa\/","title":{"rendered":"Gazeta e njohur e quan lider autokrat, Rama: Hera e tret\u00eb q\u00eb do ndahemi nga Europa!"},"content":{"rendered":"<p>Kryeministri Edi Rama dha nj\u00eb intervist\u00eb p\u00ebr t\u00eb p\u00ebrditshmen britanike, Financial Times, duke folur mbi refuzimin francez p\u00ebr nisjen e negociatave.<\/p>\n<p>Rama tha se vendimi p\u00ebr t\u00eb mos nisur negociatat ka l\u00ebn\u00eb nj\u00eb shok psikologjik t\u00eb r\u00ebnd\u00eb n\u00eb vend. Sipas tij, vendimi ka d\u00ebmtuar kredibilitetin e bllokut n\u00eb rajon.<\/p>\n<p>\u201cNe jemi ndar\u00eb dy her\u00eb brutalisht nga Europa, nj\u00ebher\u00eb p\u00ebr pes\u00eb shekuj n\u00ebn sundimin e Perandoris\u00eb Otomane dhe m\u00eb pas p\u00ebr gjysm\u00eb shekulli n\u00ebn regjimin m\u00eb brutal komunist. Askush nuk mund t\u00eb jetoj\u00eb me iden\u00eb se mund t\u00eb ket\u00eb nj\u00eb her\u00eb t\u00eb tret\u00eb, dhe k\u00ebt\u00eb her\u00eb do jet\u00eb Europa q\u00eb do na ndaj\u00eb brutalisht nga vetja,\u201d tha Rama.<\/p>\n<p>Financial Times ka intervistuar edhe kryeministrin maqedonas, Zoran Zaev, i cili thot\u00eb se vakumi q\u00eb po krijon BE-ja, mund t\u00eb mbushet nga forca t\u00eb treta, q\u00eb nuk ofrojn\u00eb demokraci dhe sundim t\u00eb ligjit.<\/p>\n<p>Tashm\u00eb q\u00eb Franca ka bllokuar zgjerimin e BE, analist\u00ebt po pyesin se \u00e7far\u00eb formule do t\u00eb propozohet nga Parisi p\u00ebr k\u00ebt\u00eb \u00e7\u00ebshtje.<\/p>\n<p>E p\u00ebrditshmja e njohur zvicerane, NZZ shkruan se kund\u00ebrshtari i Emmanuel Macron n\u00eb loj\u00ebn p\u00ebr BE-n\u00eb \u00ebsht\u00eb lideri i Hungaris\u00eb, Viktor Orban. Ky i fundit k\u00ebrkon t\u00eb hap\u00eb dyert e BE-s\u00eb pa kushte p\u00ebr vendet e rajonit.<\/p>\n<p>\u201cNatyra e pakusht\u00ebzuar me t\u00eb cil\u00ebn Orban d\u00ebshiron t\u00eb hap\u00eb dyert p\u00ebr vendet e tjera ka arsye t\u00eb mira. Hungaria sheh tek lider\u00ebt autokrat\u00eb si serbi Aleksand\u00ebr Vu\u00e7i\u00e7, shqiptari Edi Rama dhe malazezi Milo Gjukanovi\u00e7 \u2018nx\u00ebn\u00ebsit e mir\u00eb\u2019 q\u00eb po zbatojn\u00eb n\u00eb vendet e tyre vizionin e tij p\u00ebr \u2018demokracin\u00eb joliberale\u2019. Me ose pa negociata, ata po kontrollojn\u00eb pushtet, po ndryshojn\u00eb barazin\u00eb e medias dhe po e konfirmojn\u00eb fuqin\u00eb e tyre periodikisht nga njer\u00ebzit tek kutit\u00eb e votimit. \u2018Nx\u00ebn\u00ebsit\u2019 do b\u00ebhen aleat\u00eb pas pranimit dhe Orban do t\u00eb mund t\u00eb krijoj\u00eb koalicionet e tij\u201d, shkruan gazetari.<\/p>\n","protected":false},"excerpt":{"rendered":"<p>Kryeministri Edi Rama dha nj\u00eb intervist\u00eb p\u00ebr t\u00eb p\u00ebrditshmen britanike, Financial Times, duke folur mbi refuzimin francez p\u00ebr nisjen e negociatave. Rama tha se vendimi p\u00ebr t\u00eb mos nisur negociatat ka l\u00ebn\u00eb nj\u00eb shok psikologjik t\u00eb r\u00ebnd\u00eb n\u00eb vend. Sipas tij, vendimi ka d\u00ebmtuar kredibilitetin e bllokut n\u00eb rajon. \u201cNe jemi ndar\u00eb dy her\u00eb brutalisht [&hellip;]<\/p>\n","protected":false},"author":2013,"featured_media":111860,"comment_status":"open","ping_status":"closed","sticky":false,"template":"","format":"standard","meta":{"footnotes":""},"categories":[241,235],"tags":[],"class_list":{"0":"post-112171","1":"post","2":"type-post","3":"status-publish","4":"format-standard","5":"has-post-thumbnail","7":"category-aktualitet","8":"category-vendi"},"_links":{"self":[{"href":"https:\/\/zjarr.tv\/sq\/wp-json\/wp\/v2\/posts\/112171","targetHints":{"allow":["GET"]}}],"collection":[{"href":"https:\/\/zjarr.tv\/sq\/wp-json\/wp\/v2\/posts"}],"about":[{"href":"https:\/\/zjarr.tv\/sq\/wp-json\/wp\/v2\/types\/post"}],"author":[{"embeddable":true,"href":"https:\/\/zjarr.tv\/sq\/wp-json\/wp\/v2\/users\/2013"}],"replies":[{"embeddable":true,"href":"https:\/\/zjarr.tv\/sq\/wp-json\/wp\/v2\/comments?post=112171"}],"version-history":[{"count":0,"href":"https:\/\/zjarr.tv\/sq\/wp-json\/wp\/v2\/posts\/112171\/revisions"}],"wp:featuredmedia":[{"embeddable":true,"href":"https:\/\/zjarr.tv\/sq\/wp-json\/wp\/v2\/media\/111860"}],"wp:attachment":[{"href":"https:\/\/zjarr.tv\/sq\/wp-json\/wp\/v2\/media?parent=112171"}],"wp:term":[{"taxonomy":"category","embeddable":true,"href":"https:\/\/zjarr.tv\/sq\/wp-json\/wp\/v2\/categories?post=112171"},{"taxonomy":"post_tag","embeddable":true,"href":"https:\/\/zjarr.tv\/sq\/wp-json\/wp\/v2\/tags?post=112171"}],"curies":[{"name":"wp","href":"https:\/\/api.w.org\/{rel}","templated":true}]}}